{"id":33674,"date":"2020-10-07T15:51:49","date_gmt":"2020-10-07T15:51:49","guid":{"rendered":"https:\/\/sertv.gob.pa\/crisolfm\/?p=33674"},"modified":"2020-10-07T16:15:19","modified_gmt":"2020-10-07T16:15:19","slug":"la-pandemia-en-italia-retratada-por-los-fotografos-extranjeros-en-70-imagenes","status":"publish","type":"post","link":"https:\/\/sertv.gob.pa\/crisolfm\/la-pandemia-en-italia-retratada-por-los-fotografos-extranjeros-en-70-imagenes\/","title":{"rendered":"La pandemia en Italia retratada por los fot\u00f3grafos extranjeros en 70 im\u00e1genes"},"content":{"rendered":"<p>Desde el confinamiento de marzo hasta las primeras se\u00f1ales de reapertura, la pandemia del coronavirus en Italia es retratada a trav\u00e9s de un recorrido de unas 70 im\u00e1genes de fot\u00f3grafos de prensa extranjeros, en una in\u00e9dita muestra que se inaugura ma\u00f1ana en los Museos Capitolinos de Roma.<\/p>\n<p>La exposici\u00f3n \u00abLockdown Italia\u00bb (Confinamiento Italia), comisariada por la Asociaci\u00f3n de la Prensa Extranjera en Italia, refleja la Italia confinada a causa de la pandemia que asol\u00f3 al pa\u00eds antes que a cualquier otro en Europa, y podr\u00e1 visitarse hasta el 1 de noviembre.<\/p>\n<p>La muestra \u00abofrece un viaje fotogr\u00e1fico de fuerte impacto emocional relacionado con los meses del encierro\u00bb, dijo la alcaldesa de Roma, Virginia Raggi en la conferencia de prensa de presentaci\u00f3n.<\/p>\n<p>\u00abLas fotos, adem\u00e1s de documentar una p\u00e1gina de nuestra historia a trav\u00e9s del poder comunicativo inmediato de las im\u00e1genes, ser\u00e1n una valiosa contribuci\u00f3n para salvaguardar la memoria de una tragedia que trastorn\u00f3 nuestra existencia\u00bb, a\u00f1adi\u00f3 Raggi, que particip\u00f3 por videoconferencia al estar en cuarentena debido a que ha estado en contacto con varios casos positivos al coronavirus en la Alcald\u00eda.<\/p>\n<p>Seg\u00fan la presidenta de la Asociaci\u00f3n de la Prensa Extranjera y corresponsal de la agencia AP, Trisha Thomas, \u00abestas im\u00e1genes atestiguan y rinden homenaje a un pa\u00eds que con su esfuerzo ha dado ejemplo al resto del mundo\u00bb.<\/p>\n<p>En 70 fotograf\u00edas la exposici\u00f3n recoge experiencias diversas ante una situaci\u00f3n en la que \u00abtodo era nuevo, no visto\u00bb, como dijo Alberto Pizzoli, de la agencia AFP, uno de los 30 fot\u00f3grafos cuya obra se muestra en los Museos Capitolinos.<\/p>\n<p>\u00abNo s\u00e9 a qui\u00e9n he fotografiado\u00bb, explic\u00f3 Pizzoli sobre esta situaci\u00f3n completamente nueva donde muchos de los protagonistas de sus fotograf\u00edas estaban completamente cubiertos por el equipo de protecci\u00f3n individual (EPI).<\/p>\n<p>Una plaza del Duomo en Mil\u00e1n completamente vac\u00eda mientras se llevan a cabo las labores de limpieza contra el virus, vecinos cambiando la playa por la terraza de su casa para tomar el sol o el papa Francisco en una plaza de San Pedro desierta son algunas de las im\u00e1genes que permiten al visitante conocer la Italia confinada que hab\u00eda m\u00e1s all\u00e1 de su rellano.<\/p>\n<p>Para Paolo Santalucia, otro de los fot\u00f3grafos expuestos y que estuvo en el pueblo lombardo de Codogno, la zona 0 del virus en el pa\u00eds, el confinamiento era un \u00abterritorio inexplorado\u00bb, donde se daban im\u00e1genes tan inusuales como la de delfines nadando cerca de la costa de Fiumicino.<\/p>\n<p>Un fot\u00f3grafo siempre busca un sujeto en sus im\u00e1genes, pero en esta exposici\u00f3n ese sujeto est\u00e1 omitido, es invisible: es un virus. El espectador solo lo podr\u00e1 ver a trav\u00e9s de \u00absus consecuencias\u00bb capturadas con una c\u00e1mara, explic\u00f3 por su parte el fot\u00f3grafo brit\u00e1nico Chris Warde-Jones.<\/p>\n<p>La exposici\u00f3n fue visitada la semana pasada por el jefe del Gobierno, Giuseppe Conte, en la sede de la Asociaci\u00f3n de la Prensa Extranjera en Italia, donde elogi\u00f3 el trabajo de los fot\u00f3grafos de prensa como testigos de esta pandemia, sin la asistencia de p\u00fablico por las medidas de seguridad contra el covid.<\/p>\n<p>Tambi\u00e9n ahora en los Museos Capitolinos los visitantes tendr\u00e1n que guardar las medidas de seguridad para evitar contagios, entrando en grupos reducidos y siempre con el uso obligatorio de mascarillas.<\/p>\n<p>&nbsp;<\/p>\n<p>Fuente: EFE<\/p>\n","protected":false},"excerpt":{"rendered":"<p>Desde el confinamiento de marzo hasta las primeras se\u00f1ales de <a href=\"https:\/\/sertv.gob.pa\/crisolfm\/la-pandemia-en-italia-retratada-por-los-fotografos-extranjeros-en-70-imagenes\/\"> [&#8230;]<\/a><\/p>\n","protected":false},"author":64,"featured_media":33679,"comment_status":"closed","ping_status":"closed","sticky":false,"template":"","format":"standard","meta":{"footnotes":""},"categories":[6],"tags":[],"class_list":["post-33674","post","type-post","status-publish","format-standard","has-post-thumbnail","hentry","category-culturales"],"_links":{"self":[{"href":"https:\/\/sertv.gob.pa\/crisolfm\/wp-json\/wp\/v2\/posts\/33674","targetHints":{"allow":["GET"]}}],"collection":[{"href":"https:\/\/sertv.gob.pa\/crisolfm\/wp-json\/wp\/v2\/posts"}],"about":[{"href":"https:\/\/sertv.gob.pa\/crisolfm\/wp-json\/wp\/v2\/types\/post"}],"author":[{"embeddable":true,"href":"https:\/\/sertv.gob.pa\/crisolfm\/wp-json\/wp\/v2\/users\/64"}],"replies":[{"embeddable":true,"href":"https:\/\/sertv.gob.pa\/crisolfm\/wp-json\/wp\/v2\/comments?post=33674"}],"version-history":[{"count":1,"href":"https:\/\/sertv.gob.pa\/crisolfm\/wp-json\/wp\/v2\/posts\/33674\/revisions"}],"predecessor-version":[{"id":33675,"href":"https:\/\/sertv.gob.pa\/crisolfm\/wp-json\/wp\/v2\/posts\/33674\/revisions\/33675"}],"wp:featuredmedia":[{"embeddable":true,"href":"https:\/\/sertv.gob.pa\/crisolfm\/wp-json\/wp\/v2\/media\/33679"}],"wp:attachment":[{"href":"https:\/\/sertv.gob.pa\/crisolfm\/wp-json\/wp\/v2\/media?parent=33674"}],"wp:term":[{"taxonomy":"category","embeddable":true,"href":"https:\/\/sertv.gob.pa\/crisolfm\/wp-json\/wp\/v2\/categories?post=33674"},{"taxonomy":"post_tag","embeddable":true,"href":"https:\/\/sertv.gob.pa\/crisolfm\/wp-json\/wp\/v2\/tags?post=33674"}],"curies":[{"name":"wp","href":"https:\/\/api.w.org\/{rel}","templated":true}]}}