{"id":33711,"date":"2020-10-08T13:53:36","date_gmt":"2020-10-08T13:53:36","guid":{"rendered":"https:\/\/sertv.gob.pa\/crisolfm\/?p=33711"},"modified":"2020-10-08T13:53:36","modified_gmt":"2020-10-08T13:53:36","slug":"la-exposicion-mas-grande-jamas-vista-de-los-olmecas-en-europa-conquista-paris","status":"publish","type":"post","link":"https:\/\/sertv.gob.pa\/crisolfm\/la-exposicion-mas-grande-jamas-vista-de-los-olmecas-en-europa-conquista-paris\/","title":{"rendered":"La exposici\u00f3n m\u00e1s grande jam\u00e1s vista de los olmecas en Europa conquista Par\u00eds"},"content":{"rendered":"<p>Una cabeza colosal de cinco toneladas nos da la bienvenida a la exposici\u00f3n m\u00e1s importante de la desconocida civilizaci\u00f3n olmeca jam\u00e1s hecha en Europa. La mayor\u00eda de sus piezas nunca han dejado las salas de los museos mexicanos y lo hacen ahora para entrar al museo Quay Branly-Jacques Chirac de Par\u00eds.<\/p>\n<p>\u00abLas esculturas que se exponen en &#8216;Los Olmecas y las culturas del Golfo de M\u00e9xico&#8217;, pertenecen a los vestigios de la cultura m\u00e1s antigua de Mesoam\u00e9rica y quiz\u00e1 la m\u00e1s influyente\u00bb, asegura la comisaria de la exposici\u00f3n, Cora Falero, en una entrevista a Efe.<\/p>\n<p>\u00abA ellos se les debe la invenci\u00f3n de la primera pelota hecha de caucho y uno de los primeros planos de una ciudad\u00bb, a\u00f1ade.<\/p>\n<p>Cuando Hern\u00e1n Cort\u00e9s lleg\u00f3 a la isla de Cozumel, en la costa de la pen\u00ednsula del Yucat\u00e1n, en 1521, hac\u00eda mil a\u00f1os que la civilizaci\u00f3n olmeca hab\u00eda deca\u00eddo, pero su cultura estaba muy presente a trav\u00e9s de los mayas y los aztecas en el momento del contacto.<\/p>\n<p>Se calcula que surgi\u00f3 alrededor del a\u00f1o 1.600 a.C. y su declive se fecha en el 400 a.C. por motivos desconocidos, aunque se atribuyen a su mezcla con otras culturas del Golfo. Motivo por el cual sus influencias llegaron hasta la llegada los espa\u00f1oles a la zona, donde conviv\u00edan 16 pueblos, cada uno con su propia lengua.<\/p>\n<p>\u00abLa cultura maya y la mexicana son mucho m\u00e1s conocidas, por eso es tan importante esta exposici\u00f3n porque, tanto en M\u00e9xico como fuera, todav\u00eda hay mucho por descubrir acerca de los olmecas\u00bb, afirma Falero.<\/p>\n<p>Pese a su relevancia, son muchos los misterios y enigmas que rodean esta civilizaci\u00f3n considerada \u00abmadre\u00bb para muchos historiadores. Nunca se ha podido descifrar el lenguaje que plasmaban en piedra mediante s\u00edmbolos y dibujos.<\/p>\n<p>A d\u00eda de hoy, tampoco se ha podido leer por completo su calendario, que precedi\u00f3 a la versi\u00f3n maya, m\u00e1s conocida por sus presagios.<\/p>\n<p>Sin embargo s\u00ed se conoce que otra de sus formas de comunicaci\u00f3n se materializaba a trav\u00e9s de sus esculturas, con las que enviaban mensajes por la posici\u00f3n perpendicular en la que eran colocadas, y como fueron encontradas guardando las puertas de ciudades como La Venta o San Lorenzo.<\/p>\n<p>Son las llamadas \u00abAzuzules\u00bb, mitad hombre y mitad felino. La mayor\u00eda aparecen sentadas, con las manos en forma de garra de jaguar, el animal predominante en la zona que para los olmecas simbolizaba el poder.<\/p>\n<p>La distancia a la que se encuentran los asentamientos descubiertos hasta ahora da una idea del vasto territorio que ocuparon, que principalmente engloba los actuales estados de Veracruz, Tabasco y Oaxaca, aunque se han hallado estatuas olmecas en todo M\u00e9xico e incluso en lugares de Costa Rica y Honduras.<\/p>\n<p>La zona que ocuparon es extremadamente f\u00e9rtil, ya que llueve de forma abundante y est\u00e1 irrigada por m\u00faltiples r\u00edos, lo que explica el extendido culto de esta civilizaci\u00f3n al agua que representaron con estatuas en forma de cuencos y recipientes con signos y expresiones faciales humanas.<\/p>\n<p>M\u00c1S DE 300 PIEZAS DE HASTA 2.000 A\u00d1OS DE ANTIG\u00dcEDAD<\/p>\n<p>Cubriendo un periodo de m\u00e1s de 2.500 a\u00f1os, la exposici\u00f3n, que ocupar\u00e1 varias salas del museo Quay Branly hasta el 25 de julio de 2021, lleva a los parisinos de viaje al otro lado del Atl\u00e1ntico, a falta de poder hacerlo por la pandemia, a trav\u00e9s de mapas, v\u00eddeos y fotos de expediciones arqueol\u00f3gicas y, principalmente, con esculturas.<\/p>\n<p>El viaje permite descubrir las estatuas de madera m\u00e1s antiguas encontradas en Mesoam\u00e9rica, que datan del 1.200 a.C., objetos y figuras hechos de jade, un material semiprecioso que estas culturas ya utilizaban hace m\u00e1s de dos mil a\u00f1os.<\/p>\n<p>Fuente:\u00a0 EFE<\/p>\n<p>&nbsp;<\/p>\n","protected":false},"excerpt":{"rendered":"<p>Una cabeza colosal de cinco toneladas nos da la bienvenida <a href=\"https:\/\/sertv.gob.pa\/crisolfm\/la-exposicion-mas-grande-jamas-vista-de-los-olmecas-en-europa-conquista-paris\/\"> [&#8230;]<\/a><\/p>\n","protected":false},"author":64,"featured_media":33712,"comment_status":"closed","ping_status":"closed","sticky":false,"template":"","format":"standard","meta":{"footnotes":""},"categories":[6],"tags":[],"class_list":["post-33711","post","type-post","status-publish","format-standard","has-post-thumbnail","hentry","category-culturales"],"_links":{"self":[{"href":"https:\/\/sertv.gob.pa\/crisolfm\/wp-json\/wp\/v2\/posts\/33711","targetHints":{"allow":["GET"]}}],"collection":[{"href":"https:\/\/sertv.gob.pa\/crisolfm\/wp-json\/wp\/v2\/posts"}],"about":[{"href":"https:\/\/sertv.gob.pa\/crisolfm\/wp-json\/wp\/v2\/types\/post"}],"author":[{"embeddable":true,"href":"https:\/\/sertv.gob.pa\/crisolfm\/wp-json\/wp\/v2\/users\/64"}],"replies":[{"embeddable":true,"href":"https:\/\/sertv.gob.pa\/crisolfm\/wp-json\/wp\/v2\/comments?post=33711"}],"version-history":[{"count":1,"href":"https:\/\/sertv.gob.pa\/crisolfm\/wp-json\/wp\/v2\/posts\/33711\/revisions"}],"predecessor-version":[{"id":33713,"href":"https:\/\/sertv.gob.pa\/crisolfm\/wp-json\/wp\/v2\/posts\/33711\/revisions\/33713"}],"wp:featuredmedia":[{"embeddable":true,"href":"https:\/\/sertv.gob.pa\/crisolfm\/wp-json\/wp\/v2\/media\/33712"}],"wp:attachment":[{"href":"https:\/\/sertv.gob.pa\/crisolfm\/wp-json\/wp\/v2\/media?parent=33711"}],"wp:term":[{"taxonomy":"category","embeddable":true,"href":"https:\/\/sertv.gob.pa\/crisolfm\/wp-json\/wp\/v2\/categories?post=33711"},{"taxonomy":"post_tag","embeddable":true,"href":"https:\/\/sertv.gob.pa\/crisolfm\/wp-json\/wp\/v2\/tags?post=33711"}],"curies":[{"name":"wp","href":"https:\/\/api.w.org\/{rel}","templated":true}]}}