{"id":33741,"date":"2020-10-08T17:18:23","date_gmt":"2020-10-08T17:18:23","guid":{"rendered":"https:\/\/sertv.gob.pa\/crisolfm\/?p=33741"},"modified":"2020-10-08T17:18:23","modified_gmt":"2020-10-08T17:18:23","slug":"micultura-y-despacho-de-la-primera-dama-comienzan-temporada-cultural-intimo-desde-el-parque-omar","status":"publish","type":"post","link":"https:\/\/sertv.gob.pa\/crisolfm\/micultura-y-despacho-de-la-primera-dama-comienzan-temporada-cultural-intimo-desde-el-parque-omar\/","title":{"rendered":"MiCultura y Despacho de la Primera Dama comienzan temporada cultural \u201c\u00cdntimo\u201d desde el Parque Omar"},"content":{"rendered":"<p>El Gobierno Nacional, a trav\u00e9s del el Despacho de la Primera Dama, el Ministerio de Cultura y el Sistema Estatal de Radio y Televisi\u00f3n (SERTV) producen una serie de eventos culturales denominados \u201c\u00cdntimo\u201d, que une a los talentosos artistas del Ballet Nacional de Panam\u00e1, la Orquesta Sinf\u00f3nica Nacional e importantes voces l\u00edricas del pa\u00eds.<\/p>\n<p>La primera gala de \u201cIntimo\u201d, que ser\u00e1 transmitida desde el Parque Omar y se estrenar\u00e1 este jueves 8 de octubre, a las 8 de la noche por SERTV, tendr\u00e1 como protagonista a los mejores bailarines del Ballet Nacional de Panam\u00e1, entre las que figuran, la primera bailarina Manuelita Navarro.<\/p>\n<p>Yazm\u00edn Col\u00f3n de Cortizo, Primera Dama de la Rep\u00fablica, explic\u00f3 que en esta presentaci\u00f3n del Ballet Nacional se rinde homenaje a las mujeres que luchan contra el c\u00e1ncer en un espect\u00e1culo maravilloso. Para ello, \u201cnuestros bailarines han preparado un repertorio precioso que nos sirve de reflejo para los tiempos que actualmente vivimos\u201d, a\u00f1adi\u00f3.<\/p>\n<p>Para el ministro de Cultura, Carlos Aguilar Navarro, se trata de una apuesta de entretenimiento y cultura que permitir\u00e1 al p\u00fablico deleitarse con coreograf\u00edas in\u00e9ditas preparadas para esta gran velada y al mismo tiempo reflexionar sobre el amor, la solidaridad y la esperanza en estos tiempos de grandes desaf\u00edos.<\/p>\n<p>\u201c\u00cdntimo\u201d tendr\u00e1 una periodicidad mensual y se ha ideado con el fin de brindar a la audiencia un show cultural de alta calidad, promoviendo el talento de nuestros artistas e incentivando el mercado de las artes.<\/p>\n<p>Gisselle Gonz\u00e1lez Villarru\u00e9, Directora General de SERTV explica que esta actividad se constituye adem\u00e1s en una invitaci\u00f3n para quedarse en casa y compartir en familia a trav\u00e9s de presentaciones culturales que transforman vidas a trav\u00e9s del arte y la cultura.<\/p>\n<p>Fuente:\u00a0 MiCultura<\/p>\n","protected":false},"excerpt":{"rendered":"<p>El Gobierno Nacional, a trav\u00e9s del el Despacho de la <a href=\"https:\/\/sertv.gob.pa\/crisolfm\/micultura-y-despacho-de-la-primera-dama-comienzan-temporada-cultural-intimo-desde-el-parque-omar\/\"> [&#8230;]<\/a><\/p>\n","protected":false},"author":64,"featured_media":33742,"comment_status":"closed","ping_status":"closed","sticky":false,"template":"","format":"standard","meta":{"footnotes":""},"categories":[6],"tags":[],"class_list":["post-33741","post","type-post","status-publish","format-standard","has-post-thumbnail","hentry","category-culturales"],"_links":{"self":[{"href":"https:\/\/sertv.gob.pa\/crisolfm\/wp-json\/wp\/v2\/posts\/33741","targetHints":{"allow":["GET"]}}],"collection":[{"href":"https:\/\/sertv.gob.pa\/crisolfm\/wp-json\/wp\/v2\/posts"}],"about":[{"href":"https:\/\/sertv.gob.pa\/crisolfm\/wp-json\/wp\/v2\/types\/post"}],"author":[{"embeddable":true,"href":"https:\/\/sertv.gob.pa\/crisolfm\/wp-json\/wp\/v2\/users\/64"}],"replies":[{"embeddable":true,"href":"https:\/\/sertv.gob.pa\/crisolfm\/wp-json\/wp\/v2\/comments?post=33741"}],"version-history":[{"count":1,"href":"https:\/\/sertv.gob.pa\/crisolfm\/wp-json\/wp\/v2\/posts\/33741\/revisions"}],"predecessor-version":[{"id":33743,"href":"https:\/\/sertv.gob.pa\/crisolfm\/wp-json\/wp\/v2\/posts\/33741\/revisions\/33743"}],"wp:featuredmedia":[{"embeddable":true,"href":"https:\/\/sertv.gob.pa\/crisolfm\/wp-json\/wp\/v2\/media\/33742"}],"wp:attachment":[{"href":"https:\/\/sertv.gob.pa\/crisolfm\/wp-json\/wp\/v2\/media?parent=33741"}],"wp:term":[{"taxonomy":"category","embeddable":true,"href":"https:\/\/sertv.gob.pa\/crisolfm\/wp-json\/wp\/v2\/categories?post=33741"},{"taxonomy":"post_tag","embeddable":true,"href":"https:\/\/sertv.gob.pa\/crisolfm\/wp-json\/wp\/v2\/tags?post=33741"}],"curies":[{"name":"wp","href":"https:\/\/api.w.org\/{rel}","templated":true}]}}