{"id":33770,"date":"2020-10-09T14:23:54","date_gmt":"2020-10-09T14:23:54","guid":{"rendered":"https:\/\/sertv.gob.pa\/crisolfm\/?p=33770"},"modified":"2020-10-09T14:23:54","modified_gmt":"2020-10-09T14:23:54","slug":"isabel-allende-reflexiona-sobre-el-feminismo-en-mujeres-del-alma-mia","status":"publish","type":"post","link":"https:\/\/sertv.gob.pa\/crisolfm\/isabel-allende-reflexiona-sobre-el-feminismo-en-mujeres-del-alma-mia\/","title":{"rendered":"Isabel Allende reflexiona sobre el feminismo en \u00abMujeres del alma m\u00eda\u00bb"},"content":{"rendered":"<p>La escritora chilena Isabel Allende publicar\u00e1 el pr\u00f3ximo 5 de noviembre \u00abMujeres del alma m\u00eda\u00bb, un ejercicio de memoria y ensayo personal sobre su relaci\u00f3n con el feminismo y el hecho de ser mujer, un libro que saldr\u00e1 simult\u00e1neamente en Espa\u00f1a y Latinoam\u00e9rica.<\/p>\n<p>Seg\u00fan ha informado la editorial Plaza &amp; Jan\u00e9s, que publicar\u00e1 el libro, Allende reivindica en esta obra que la edad madura hay que vivirla, sentirla y gozarla con plena intensidad: \u00abcada a\u00f1o vivido y cada arruga cuentan mi historia\u00bb, asegura la autora en espa\u00f1ol, viva, m\u00e1s le\u00edda del mundo.<\/p>\n<p>En \u00abMujeres del alma m\u00eda\u00bb, Allende repasa su vinculaci\u00f3n con el feminismo desde la infancia hasta hoy y recuerda a algunas mujeres imprescindibles en su vida, \u00abcomo sus a\u00f1oradas\u00bb Panchita, Paula o la agente Carmen Balcells; a escritoras relevantes como Virginia Woolf o Margaret Atwood o m\u00e1s j\u00f3venes y desconocidas como la somal\u00ed Warson Shire; pol\u00edticas como Michelle Bachelet; cantantes como Violeta Parra o el grupo chileno de rap Lastesis.<\/p>\n<p>Y tambi\u00e9n habla de esas \u00abmujeres an\u00f3nimas que han sufrido la violencia y que llenas de dignidad y coraje se levantan y avanzan\u00bb, a las que se dedica actualmente en la Fundaci\u00f3n Isabel Allende.<\/p>\n<p>Esas mujeres y ni\u00f1as de alto riesgo, que han sufrido la violencia y escapado de la muerte, son las que inspiran a la autora chilena, \u00absus mujeres del alma\u00bb, explica la editorial.<\/p>\n<p>Allende tambi\u00e9n reflexiona sobre el movimiento #MeToo, sobre las recientes revueltas sociales en su pa\u00eds de origen y sobre la pandemia del coronavirus.<\/p>\n<p>Allende ha publicado 24 libros, que han sido traducidos a 40 idiomas y han vendido m\u00e1s de 70 millones de ejemplares. El pr\u00f3ximo 27 de octubre recibir\u00e1 el Premio Liber 2020 a la autora hispanoamericana m\u00e1s destacada, que concede la Federaci\u00f3n del Gremio de Editores.<\/p>\n<p>&nbsp;<\/p>\n<p>Fuente:\u00a0 EFE<\/p>\n<p>&nbsp;<\/p>\n","protected":false},"excerpt":{"rendered":"<p>La escritora chilena Isabel Allende publicar\u00e1 el pr\u00f3ximo 5 de <a href=\"https:\/\/sertv.gob.pa\/crisolfm\/isabel-allende-reflexiona-sobre-el-feminismo-en-mujeres-del-alma-mia\/\"> [&#8230;]<\/a><\/p>\n","protected":false},"author":64,"featured_media":33771,"comment_status":"closed","ping_status":"closed","sticky":false,"template":"","format":"standard","meta":{"footnotes":""},"categories":[6],"tags":[],"class_list":["post-33770","post","type-post","status-publish","format-standard","has-post-thumbnail","hentry","category-culturales"],"_links":{"self":[{"href":"https:\/\/sertv.gob.pa\/crisolfm\/wp-json\/wp\/v2\/posts\/33770","targetHints":{"allow":["GET"]}}],"collection":[{"href":"https:\/\/sertv.gob.pa\/crisolfm\/wp-json\/wp\/v2\/posts"}],"about":[{"href":"https:\/\/sertv.gob.pa\/crisolfm\/wp-json\/wp\/v2\/types\/post"}],"author":[{"embeddable":true,"href":"https:\/\/sertv.gob.pa\/crisolfm\/wp-json\/wp\/v2\/users\/64"}],"replies":[{"embeddable":true,"href":"https:\/\/sertv.gob.pa\/crisolfm\/wp-json\/wp\/v2\/comments?post=33770"}],"version-history":[{"count":1,"href":"https:\/\/sertv.gob.pa\/crisolfm\/wp-json\/wp\/v2\/posts\/33770\/revisions"}],"predecessor-version":[{"id":33772,"href":"https:\/\/sertv.gob.pa\/crisolfm\/wp-json\/wp\/v2\/posts\/33770\/revisions\/33772"}],"wp:featuredmedia":[{"embeddable":true,"href":"https:\/\/sertv.gob.pa\/crisolfm\/wp-json\/wp\/v2\/media\/33771"}],"wp:attachment":[{"href":"https:\/\/sertv.gob.pa\/crisolfm\/wp-json\/wp\/v2\/media?parent=33770"}],"wp:term":[{"taxonomy":"category","embeddable":true,"href":"https:\/\/sertv.gob.pa\/crisolfm\/wp-json\/wp\/v2\/categories?post=33770"},{"taxonomy":"post_tag","embeddable":true,"href":"https:\/\/sertv.gob.pa\/crisolfm\/wp-json\/wp\/v2\/tags?post=33770"}],"curies":[{"name":"wp","href":"https:\/\/api.w.org\/{rel}","templated":true}]}}