{"id":33800,"date":"2020-10-09T19:39:45","date_gmt":"2020-10-09T19:39:45","guid":{"rendered":"https:\/\/sertv.gob.pa\/crisolfm\/?p=33800"},"modified":"2020-10-09T19:39:45","modified_gmt":"2020-10-09T19:39:45","slug":"nobel-de-la-paz-para-programa-mundial-de-alimentos-por-combatir-el-hambre-y-la-guerra","status":"publish","type":"post","link":"https:\/\/sertv.gob.pa\/crisolfm\/nobel-de-la-paz-para-programa-mundial-de-alimentos-por-combatir-el-hambre-y-la-guerra\/","title":{"rendered":"Nobel de la Paz para Programa Mundial de Alimentos por combatir el hambre y la guerra"},"content":{"rendered":"<p>El Nobel de la Paz premi\u00f3 este viernes al Programa Mundial de Alimentos (PMA) de la ONU por sus esfuerzos para luchar contra el hambre, prevenir su uso como arma de guerra y contribuir a mejorar las condiciones para la concordia en \u00e1reas en conflicto.<\/p>\n<p>El PMA es la mayor organizaci\u00f3n humanitaria que se ocupa de la cuesti\u00f3n del hambre y de la seguridad alimenticia, como refleja que el a\u00f1o pasado ayud\u00f3 a cerca de 100 millones de personas en 88 pa\u00edses, y el principal instrumento para erradicarla del mundo, uno de los Objetivos de Desarrollo Sostenible fijados por las Naciones Unidas en 2015.<\/p>\n<p>El Comit\u00e9 Nobel noruego resalt\u00f3 que el a\u00f1o pasado 135 millones de personas sufrieron hambre severa, el n\u00famero m\u00e1s alto \u00aben muchos a\u00f1os\u00bb, y que el PMA ha mostrado una \u00abimpresionante habilidad\u00bb para aumentar sus esfuerzos durante la pandemia de coronavirus, que ha empeorado la situaci\u00f3n en pa\u00edses con conflictos armados como Yemen, Nigeria y Sud\u00e1n del Sur.<\/p>\n<p>\u00abEl mundo est\u00e1 en peligro de vivir una crisis de hambre de proporciones inconcebibles si el PMA y otras organizaciones de ayuda alimentaria no reciben el apoyo financiero que han pedido\u00bb, se\u00f1al\u00f3 el comit\u00e9 en su motivaci\u00f3n del premio.<\/p>\n<p>En una rueda de prensa posterior, la presidenta del comit\u00e9, Berit Reiss-Andersen, resalt\u00f3 que la pandemia y los retos planteados por esta \u00abrefuerzan\u00bb la necesidad del premio al PAM, que espera ayude a aumentar la atenci\u00f3n sobre la necesidad de que todos los pa\u00edses con capacidad para hacerlo contribuyan a solucionar el problema del hambre.<\/p>\n<p>Aumentar la seguridad alimentaria no solo previene el hambre, sino que puede mejorar las expectativas de paz y estabilidad, como ha demostrado el PMA liderando proyectos en Sudam\u00e9rica, \u00c1frica y Asia que combinan trabajo humanitario con esfuerzos por la paz y participando activamente en el proceso para adoptar por primera vez una resoluci\u00f3n que establece la relaci\u00f3n entre conflicto y hambre.<\/p>\n<p>El \u00abrol clave\u00bb jugado por el PMA en cooperaci\u00f3n multilateral para convertir la seguridad alimenticia en instrumento de paz, su papel para movilizar a los estados a no usar el hambre como arma de guerra y conflicto y su contribuci\u00f3n diaria a la fraternidad entre naciones se ajusta a los criterios marcados un siglo atr\u00e1s por el magnate sueco Alfred Nobel, creador de los premios, resalta el fallo.<\/p>\n<p>\u00abEn su condici\u00f3n de mayor agencia especializada de la ONU, el PMA es una versi\u00f3n moderna de los congresos de paz que el Nobel pretende promover\u00bb, asegura el comit\u00e9.<\/p>\n<p>UNA ELECCI\u00d3N INESPERADA PERO SIN CONTROVERSIA<\/p>\n<p>La elecci\u00f3n del PMA no despert\u00f3 controversia en Noruega y gener\u00f3 reacciones mayoritariamente positivas hacia un premio para el que sonaban en las quinielas previas la Organizaci\u00f3n Mundial de la Salud (OMS), la activista medioambiental sueca Greta Thunberg y organizaciones de defensa de la libertad de prensa.<\/p>\n<p>\u00ab\u00bfPero de verdad hay gente que se cree de verdad que vaya a ganar el Nobel de la Paz? No es serio. Claro que no me lo van a dar, no hay ninguna posibilidad\u00bb, hab\u00eda dicho en Estocolmo, horas antes del anuncio del premio, la l\u00edder del movimiento global \u00abFridaysForFuture\u00bb (Viernes por el Futuro) y que sido gran favorita en los pron\u00f3sticos los dos \u00faltimos a\u00f1os.<\/p>\n<p>Es la s\u00e9ptima vez que el Nobel de la Paz premia a alguna agencia de la ONU, a la propia organizaci\u00f3n matriz o a alguno de sus secretarios: la \u00faltima vez hab\u00eda sido en 2001, cuando las Naciones Unidas y su entonces l\u00edder, Kofi Annan, recibieron el galard\u00f3n \u00abpor su trabajo por un mundo mejor organizado y m\u00e1s pac\u00edfico\u00bb.<\/p>\n<p>Fundado en 1961 y con sede en Roma, el Programa Mundial de Alimentos tiene como objetivo primordial distribuir alimentos para apoyar proyectos de desarrollo, refugiados de larga duraci\u00f3n y personas desplazadas.<\/p>\n<p>Su director, el estadounidense David Beasley, afirm\u00f3 en un comunicado que la concesi\u00f3n del galard\u00f3n \u00abha centrado la atenci\u00f3n mundial en las personas que tienen el derecho a vivir en paz y sin hambre\u00bb.<\/p>\n<p>Fuente:\u00a0\u00a0 EFE<\/p>\n<p>&nbsp;<\/p>\n","protected":false},"excerpt":{"rendered":"<p>El Nobel de la Paz premi\u00f3 este viernes al Programa <a href=\"https:\/\/sertv.gob.pa\/crisolfm\/nobel-de-la-paz-para-programa-mundial-de-alimentos-por-combatir-el-hambre-y-la-guerra\/\"> [&#8230;]<\/a><\/p>\n","protected":false},"author":64,"featured_media":33801,"comment_status":"closed","ping_status":"closed","sticky":false,"template":"","format":"standard","meta":{"footnotes":""},"categories":[6],"tags":[],"class_list":["post-33800","post","type-post","status-publish","format-standard","has-post-thumbnail","hentry","category-culturales"],"_links":{"self":[{"href":"https:\/\/sertv.gob.pa\/crisolfm\/wp-json\/wp\/v2\/posts\/33800","targetHints":{"allow":["GET"]}}],"collection":[{"href":"https:\/\/sertv.gob.pa\/crisolfm\/wp-json\/wp\/v2\/posts"}],"about":[{"href":"https:\/\/sertv.gob.pa\/crisolfm\/wp-json\/wp\/v2\/types\/post"}],"author":[{"embeddable":true,"href":"https:\/\/sertv.gob.pa\/crisolfm\/wp-json\/wp\/v2\/users\/64"}],"replies":[{"embeddable":true,"href":"https:\/\/sertv.gob.pa\/crisolfm\/wp-json\/wp\/v2\/comments?post=33800"}],"version-history":[{"count":1,"href":"https:\/\/sertv.gob.pa\/crisolfm\/wp-json\/wp\/v2\/posts\/33800\/revisions"}],"predecessor-version":[{"id":33802,"href":"https:\/\/sertv.gob.pa\/crisolfm\/wp-json\/wp\/v2\/posts\/33800\/revisions\/33802"}],"wp:featuredmedia":[{"embeddable":true,"href":"https:\/\/sertv.gob.pa\/crisolfm\/wp-json\/wp\/v2\/media\/33801"}],"wp:attachment":[{"href":"https:\/\/sertv.gob.pa\/crisolfm\/wp-json\/wp\/v2\/media?parent=33800"}],"wp:term":[{"taxonomy":"category","embeddable":true,"href":"https:\/\/sertv.gob.pa\/crisolfm\/wp-json\/wp\/v2\/categories?post=33800"},{"taxonomy":"post_tag","embeddable":true,"href":"https:\/\/sertv.gob.pa\/crisolfm\/wp-json\/wp\/v2\/tags?post=33800"}],"curies":[{"name":"wp","href":"https:\/\/api.w.org\/{rel}","templated":true}]}}