{"id":33854,"date":"2020-10-12T18:42:10","date_gmt":"2020-10-12T18:42:10","guid":{"rendered":"https:\/\/sertv.gob.pa\/crisolfm\/?p=33854"},"modified":"2020-10-12T18:42:10","modified_gmt":"2020-10-12T18:42:10","slug":"escritor-espanol-carlos-garcia-gual-gana-el-premio-alfonso-reyes-2020","status":"publish","type":"post","link":"https:\/\/sertv.gob.pa\/crisolfm\/escritor-espanol-carlos-garcia-gual-gana-el-premio-alfonso-reyes-2020\/","title":{"rendered":"Escritor espa\u00f1ol Carlos Garc\u00eda Gual gana el premio Alfonso Reyes 2020"},"content":{"rendered":"<p>El escritor espa\u00f1ol Carlos Garc\u00eda Gual gan\u00f3 el Premio Internacional Alfonso Reyes 2020, seg\u00fan anunci\u00f3 \u00a0la Secretar\u00eda de Cultura y el Instituto Nacional de Bellas Artes y Literatura (INBAL) de M\u00e9xico.<\/p>\n<p>Definido por la Secretar\u00eda de Cultura de M\u00e9xico como \u00abescritor, fil\u00f3logo, helenista, traductor, editor, mit\u00f3grafo y cr\u00edtico literario\u00bb, Garc\u00eda Gual, de 77 a\u00f1os, gan\u00f3 este reconocimiento por \u00abuna extensa e imprescindible bibliograf\u00eda en la que destacan t\u00edtulos como \u00abLa muerte de los h\u00e9roes\u00bb (2016), \u00abLos or\u00edgenes de la novela\u00bb (1972) o \u00abDiccionario de mitos\u00bb (1997).<\/p>\n<p>Adem\u00e1s, tambi\u00e9n destacaron sus muchas traducciones como \u00abLa Odisea\u00bb, de Homero (2005); \u00abAntolog\u00eda de la poes\u00eda l\u00edrica griega\u00bb (1980); \u00abVidas de fil\u00f3sofos ilustres\u00bb, de Di\u00f3genes Laercio (2013) y \u00abVida y haza\u00f1as de Alejandro de Macedonia\u00bb, de Pseudo Cal\u00edstenes (2016).<\/p>\n<p>El Premio Internacional Alfonso Reyes 2020 se le entregar\u00e1 en la segunda quincena de noviembre, siempre y cuando las condiciones sanitarias lo permitan, seg\u00fan inform\u00f3 la Secretar\u00eda de Cultura.<\/p>\n<p>En entrevista con la Coordinaci\u00f3n Nacional de Literatura, Garc\u00eda Gual considera un gran honor recibir este premio internacional de tanto prestigio.<\/p>\n<p>\u00abHe estado en M\u00e9xico cuatro veces y guardo excelentes recuerdos de todos esos viajes, que incluyen universidades, como las de Monterrey, Zacatecas, y la Universidad Nacional Aut\u00f3noma de M\u00e9xico (UNAM) y la Feria Internacional del Libro (FIL) de Guadalajara\u00bb, expres\u00f3 y recoge un comunicado de la Secretar\u00eda de Cultura.<\/p>\n<p>El reconocimiento fue entregado a trav\u00e9s de la Coordinaci\u00f3n Nacional de Literatura, la Universidad Aut\u00f3noma de Nuevo Le\u00f3n (UANL) y la Sociedad Alfonsina Internacional y el jurado, que tom\u00f3 la decisi\u00f3n de manera un\u00e1nime, estuvo conformado por Coral Aguirre, Felipe Garrido y Jos\u00e9 Javier Villarreal.<\/p>\n<p>Carlos Garc\u00eda Gual naci\u00f3 en Palma de Mallorca, Espa\u00f1a, en diciembre de 1943. Estudi\u00f3 Filosof\u00eda y Letras en la Universidad Complutense de Madrid y en la misma facultad se licenci\u00f3 en Filolog\u00eda Cl\u00e1sica en 1965, y all\u00ed se doctor\u00f3 en 1968.<\/p>\n<p>Es catedr\u00e1tico de griego en el Instituto de Ense\u00f1anza Media Beatriz Galindo de Madrid y profesor agregado de filolog\u00eda griega en la Universidad de Granada.<\/p>\n<p>&nbsp;<\/p>\n<p>Fuente:\u00a0\u00a0 EFE<\/p>\n","protected":false},"excerpt":{"rendered":"<p>El escritor espa\u00f1ol Carlos Garc\u00eda Gual gan\u00f3 el Premio Internacional <a href=\"https:\/\/sertv.gob.pa\/crisolfm\/escritor-espanol-carlos-garcia-gual-gana-el-premio-alfonso-reyes-2020\/\"> [&#8230;]<\/a><\/p>\n","protected":false},"author":64,"featured_media":33856,"comment_status":"closed","ping_status":"closed","sticky":false,"template":"","format":"standard","meta":{"footnotes":""},"categories":[6],"tags":[],"class_list":["post-33854","post","type-post","status-publish","format-standard","has-post-thumbnail","hentry","category-culturales"],"_links":{"self":[{"href":"https:\/\/sertv.gob.pa\/crisolfm\/wp-json\/wp\/v2\/posts\/33854","targetHints":{"allow":["GET"]}}],"collection":[{"href":"https:\/\/sertv.gob.pa\/crisolfm\/wp-json\/wp\/v2\/posts"}],"about":[{"href":"https:\/\/sertv.gob.pa\/crisolfm\/wp-json\/wp\/v2\/types\/post"}],"author":[{"embeddable":true,"href":"https:\/\/sertv.gob.pa\/crisolfm\/wp-json\/wp\/v2\/users\/64"}],"replies":[{"embeddable":true,"href":"https:\/\/sertv.gob.pa\/crisolfm\/wp-json\/wp\/v2\/comments?post=33854"}],"version-history":[{"count":1,"href":"https:\/\/sertv.gob.pa\/crisolfm\/wp-json\/wp\/v2\/posts\/33854\/revisions"}],"predecessor-version":[{"id":33857,"href":"https:\/\/sertv.gob.pa\/crisolfm\/wp-json\/wp\/v2\/posts\/33854\/revisions\/33857"}],"wp:featuredmedia":[{"embeddable":true,"href":"https:\/\/sertv.gob.pa\/crisolfm\/wp-json\/wp\/v2\/media\/33856"}],"wp:attachment":[{"href":"https:\/\/sertv.gob.pa\/crisolfm\/wp-json\/wp\/v2\/media?parent=33854"}],"wp:term":[{"taxonomy":"category","embeddable":true,"href":"https:\/\/sertv.gob.pa\/crisolfm\/wp-json\/wp\/v2\/categories?post=33854"},{"taxonomy":"post_tag","embeddable":true,"href":"https:\/\/sertv.gob.pa\/crisolfm\/wp-json\/wp\/v2\/tags?post=33854"}],"curies":[{"name":"wp","href":"https:\/\/api.w.org\/{rel}","templated":true}]}}