{"id":33894,"date":"2020-10-13T15:53:42","date_gmt":"2020-10-13T15:53:42","guid":{"rendered":"https:\/\/sertv.gob.pa\/crisolfm\/?p=33894"},"modified":"2020-10-13T20:28:57","modified_gmt":"2020-10-13T20:28:57","slug":"manuel-de-blas-la-cultura-es-un-balsamo-en-este-tiempo-de-tragedia-cruel","status":"publish","type":"post","link":"https:\/\/sertv.gob.pa\/crisolfm\/manuel-de-blas-la-cultura-es-un-balsamo-en-este-tiempo-de-tragedia-cruel\/","title":{"rendered":"Manuel de Blas: \u00abLa cultura es un b\u00e1lsamo en este tiempo de tragedia cruel\u00bb"},"content":{"rendered":"<p>Actor de m\u00faltiples registros, con m\u00e1s de seis d\u00e9cadas de profesi\u00f3n, Manuel de Blas ha sido distinguido con el Premio Nosferatu del Festival de Cine Fant\u00e1stico de Sitges. Feliz y emocionado, defiende en una entrevista con Efe que \u00abla cultura es un b\u00e1lsamo en este tiempo de tragedia cruel y terrible\u00bb.<\/p>\n<p>Con m\u00e1s de 200 producciones a sus espaldas, cara visible del cine fant\u00e1stico espa\u00f1ol desde hace m\u00e1s de cincuenta a\u00f1os, ha trabajado en proyectos en los que estaban los m\u00edticos Boris Karloff o Marlon Brando, Bud Spencer y Terence Hill, y lo han dirigido desde Carlos Saura y Jaime Camino en el cine, a Llu\u00eds Pasqual y N\u00faria Espert en el teatro.<\/p>\n<p>\u00abCuando en julio me comunicaron que me dar\u00edan el premio, estuve agradecido e ilusionado, y luego, conforme ha ido avanzando la pandemia y ahora ya en la segunda ola, siento que tengo el compromiso de estar donde debo estar, con toda la gente de Sitges. La cultura es fundamental\u00bb, apostilla.<\/p>\n<p>A la vez, cree que es necesario, a pesar de todo lo malo que est\u00e1 ocurriendo, tener la actitud que tienen los organizadores del certamen y sus participantes. \u00abLlegu\u00e9 aqu\u00ed -ha contado- y lo que veo es que todo el mundo est\u00e1 contento. As\u00ed es como hay que estar\u00bb.<\/p>\n<p>Nacido en Badajoz (oeste) en 1941 rememora su llegada despu\u00e9s a Madrid con apenas catorce a\u00f1os, tras morir su padre, con una maleta de cart\u00f3n, hijo de maestra, y su curiosidad y su inter\u00e9s por crecer, llegando a una universidad, en la que curs\u00f3 Ciencias Pol\u00edticas, con profesores como el escritor Jos\u00e9 Luis Sampedro o el fil\u00f3sofo Paulino Garagorri, disc\u00edpulo de Jos\u00e9 Ortega y Gasset.<\/p>\n<p>Muchos de ellos, destaca, les daban a los estudiantes \u00abclaves\u00bb, en pleno franquismo, \u00abcon mucho cuidado, porque si no los empapelaban y esa fue una etapa muy importante de mi vida, pero por la tarde me iba a la Escuela de Cine\u00bb.<\/p>\n<p>Pronto particip\u00f3 en su primer rodaje, y reconoce que, sinti\u00e9ndose como Alicia en el Pa\u00eds de las Maravillas, intervino en \u00abEl coleccionista de cad\u00e1veres\u00bb, de Santos Alcocer, con Boris Karloff, aunque \u00abentonces era muy joven y no le daba mucha importancia, pero con el tiempo lo he valorado m\u00e1s\u00bb.<\/p>\n<p>Luego interpret\u00f3 otras cintas de g\u00e9nero como \u00abLa org\u00eda nocturna de los vampiros\u00bb y \u00abEl jorobado de la morgue\u00bb, y, tambi\u00e9n estuvo con Bud Spencer y Terence Hill -\u00abninguno de los dos eran grandes actores\u00bb, considera- en la comedia italoespa\u00f1ola \u00abY si no, nos enfadamos\u00bb, en la que, adem\u00e1s, intervino su esposa, Patty Shepard, fallecida en 2013.<\/p>\n<p>Tiene ganas de contar, por otra parte, lo que le ocurri\u00f3 en el rodaje de \u00abCrist\u00f3bal Col\u00f3n: el descubrimiento\u00bb, con Marlon Brando, quien, con m\u00e1s de 140 kilos y en un momento complicado de su vida, puesto que su hijo Christian hab\u00eda sido detenido por homicidio accidental del novio de su hermana Cheyenne, se solidariz\u00f3 con un grupo de actores que no cobraban.<\/p>\n<p>Manuel de Blas, que interpretaba a Vicente Pinz\u00f3n, destaca que los actores, que grabaron en Malta, Islas V\u00edrgenes y Espa\u00f1a, tuvieron muchos problemas para cobrar y que les devolv\u00edan todos los cheques que recib\u00edan de un banco de Miami.<\/p>\n<p>Brando, que, seg\u00fan De Blas, estaba en otro nivel y no ten\u00eda ese problema, al enterarse de que actores ingleses y espa\u00f1oles no cobraban y hab\u00edan redactado un escrito de protesta y amenazado con parar el rodaje, quiso suscribirlo.<\/p>\n<p>\u00abNos dijo, traedme el papel, que lo voy a firmar yo tambi\u00e9n. Ahora lo que siento es no tener ninguna fotocopia de aquello, que al final conseguimos que nos pagaran\u00bb, precisa.<\/p>\n<p>Premio Nacional de Teatro en 1992, guarda muy buenos recuerdos de la \u00abMedea\u00bb que hizo junto a la actriz griega Irene Papas, dirigido por N\u00faria Espert, durante los Juegos Ol\u00edmpicos de Barcelona en 1992, y a\u00f1os m\u00e1s tarde, repiti\u00f3 con Papas en \u00abTroyanas\u00bb, con la que recalaron en Roma, entre otras ciudades.<\/p>\n<p>Con la pandemia, lamenta que todo est\u00e9 funcionando a medias, \u00abno solo en Espa\u00f1a, tambi\u00e9n en Inglaterra o Estados Unidos\u00bb, y con la gente del sector \u00abdeprimida\u00bb.<\/p>\n<p>Comprende De Blas que los gobiernos tienen \u00abdelante un problema sanitario enorme, pero la cultura la hacemos personas que comemos y que pagamos nuestros pisos y nuestros impuestos\u00bb.<\/p>\n<p>Aunque amable en las formas, en la entrevista tampoco deja pasar que en muchas series de televisi\u00f3n en Espa\u00f1a apuesten solo por actores j\u00f3venes, a diferencia de lo que ocurre en otros lares en los que actrices como Maggie Smith, Judi Dench o Helen Mirren tienen su peso. \u00abEstoy de acuerdo con que haya chicos y chicas guapos, pero junto a ellos deben estar otro tipo de actores\u00bb, concluye.<\/p>\n<p>&nbsp;<\/p>\n<p>Fuente:\u00a0 EFE<\/p>\n<p>&nbsp;<\/p>\n","protected":false},"excerpt":{"rendered":"<p>Actor de m\u00faltiples registros, con m\u00e1s de seis d\u00e9cadas de <a href=\"https:\/\/sertv.gob.pa\/crisolfm\/manuel-de-blas-la-cultura-es-un-balsamo-en-este-tiempo-de-tragedia-cruel\/\"> [&#8230;]<\/a><\/p>\n","protected":false},"author":64,"featured_media":33917,"comment_status":"closed","ping_status":"closed","sticky":false,"template":"","format":"standard","meta":{"footnotes":""},"categories":[6],"tags":[],"class_list":["post-33894","post","type-post","status-publish","format-standard","has-post-thumbnail","hentry","category-culturales"],"_links":{"self":[{"href":"https:\/\/sertv.gob.pa\/crisolfm\/wp-json\/wp\/v2\/posts\/33894","targetHints":{"allow":["GET"]}}],"collection":[{"href":"https:\/\/sertv.gob.pa\/crisolfm\/wp-json\/wp\/v2\/posts"}],"about":[{"href":"https:\/\/sertv.gob.pa\/crisolfm\/wp-json\/wp\/v2\/types\/post"}],"author":[{"embeddable":true,"href":"https:\/\/sertv.gob.pa\/crisolfm\/wp-json\/wp\/v2\/users\/64"}],"replies":[{"embeddable":true,"href":"https:\/\/sertv.gob.pa\/crisolfm\/wp-json\/wp\/v2\/comments?post=33894"}],"version-history":[{"count":1,"href":"https:\/\/sertv.gob.pa\/crisolfm\/wp-json\/wp\/v2\/posts\/33894\/revisions"}],"predecessor-version":[{"id":33895,"href":"https:\/\/sertv.gob.pa\/crisolfm\/wp-json\/wp\/v2\/posts\/33894\/revisions\/33895"}],"wp:featuredmedia":[{"embeddable":true,"href":"https:\/\/sertv.gob.pa\/crisolfm\/wp-json\/wp\/v2\/media\/33917"}],"wp:attachment":[{"href":"https:\/\/sertv.gob.pa\/crisolfm\/wp-json\/wp\/v2\/media?parent=33894"}],"wp:term":[{"taxonomy":"category","embeddable":true,"href":"https:\/\/sertv.gob.pa\/crisolfm\/wp-json\/wp\/v2\/categories?post=33894"},{"taxonomy":"post_tag","embeddable":true,"href":"https:\/\/sertv.gob.pa\/crisolfm\/wp-json\/wp\/v2\/tags?post=33894"}],"curies":[{"name":"wp","href":"https:\/\/api.w.org\/{rel}","templated":true}]}}