{"id":33957,"date":"2020-10-14T17:54:32","date_gmt":"2020-10-14T17:54:32","guid":{"rendered":"https:\/\/sertv.gob.pa\/crisolfm\/?p=33957"},"modified":"2020-10-14T17:54:32","modified_gmt":"2020-10-14T17:54:32","slug":"una-obra-surrealista-de-dali-a-subasta-en-londres-por-mas-de-7-millones","status":"publish","type":"post","link":"https:\/\/sertv.gob.pa\/crisolfm\/una-obra-surrealista-de-dali-a-subasta-en-londres-por-mas-de-7-millones\/","title":{"rendered":"Una obra surrealista de Dal\u00ed, a subasta en Londres por m\u00e1s de 7 millones"},"content":{"rendered":"<p>Una obra maestra de Salvador Dal\u00ed, \u00abCouple aux t\u00eates pleines de nuages\u00bb (1937), de su \u00e9poca surrealista, que el genio cre\u00f3 al tiempo que discurr\u00eda la Guerra Civil espa\u00f1ola, ser\u00e1 subastada este jueves en la casa de pujas Bonhams en Londres.<\/p>\n<p>Ser\u00e1 la primera vez que ese trabajo, que procede de la colecci\u00f3n del compositor italiano Giachinto Scelsi, se ofrece al mejor postor en una subasta, en la que parte con un precio estimado entre los 7 y los 10 millones de libras (7,6 y 10,8 millones de euros\/entre 7,9 y 12,7 millones de d\u00f3lares).<\/p>\n<p>La obra fue creada en el momento \u00e1lgido del periodo surrealista del pintor, en pleno conflicto espa\u00f1ol, y en ella se aprecian claros motivos de ese movimiento: un \u00e1rbol desfigurado, figuras humanas que no se distinguen apenas, im\u00e1genes que en muchos casos recuerdan a ciertas corrientes freudianas que con frecuencia se aprecian en las obras surrealistas del pintor.<\/p>\n<p>\u00abLa &#8216;Couple aux t\u00eates pleines de nuages&#8217; (1937) de Dal\u00ed es una obra maestra del pico de su periodo surrealista\u00bb, destaca en un comunicado India Phillips, responsable global del departamento de Arte impresionista y Moderno de la casa de pujas.<\/p>\n<p>Esta experta agrega que el cuadro a la venta \u00abest\u00e1 lleno de las im\u00e1genes altamente personales que hicieron de Dal\u00ed quiz\u00e1s el integrante m\u00e1s ilusionante del grupo del Surrealismo durante estos a\u00f1os de experimentaci\u00f3n, revelando su obsesi\u00f3n por la psicolog\u00eda de Freud tanto como su obsesi\u00f3n con su gran amor y musa, Gala\u00bb.<\/p>\n<p>Phillips recuerda que mientras que \u00abla imagen de la ni\u00f1a saltando fue usada por Dal\u00ed para simbolizar recuerdos de la infancia, la jirafa ardiendo representa el monstruo apocal\u00edptico c\u00f3smico masculino\u00bb.<\/p>\n<p>Dal\u00ed pint\u00f3 esas im\u00e1genes en una temporada de gran intensidad personal, una \u00e9poca de descubrimiento y expresi\u00f3n al tiempo que el mundo alrededor se embarcaba en conflicto.<\/p>\n<p>\u00abPuesto de manera simple, es una de las obras de Dal\u00ed m\u00e1s emocionantes que salen al mercado\u00bb, concluye la experta.<\/p>\n<p>Dal\u00ed se adhiri\u00f3 al movimiento surrealista en Par\u00eds en 1929, al mismo tiempo que conoci\u00f3 a Gala, quien entonces ya estaba casada con un amigo del pintor, el poeta y fundador de ese movimiento Paul \u00c9luard.<\/p>\n<p>La relaci\u00f3n con Gala, quien le llevaba diez a\u00f1os y que dur\u00f3 medio siglo, siempre fue controvertida, pues muchos vieron en ella la fuerza que provoc\u00f3 la mayor comercializaci\u00f3n de la obra del arista tras su rechazo del Surrealismo en 1939.<\/p>\n<p>Ese trabajo de Dal\u00ed se expuso en Londres en la muestra \u00abDal\u00ed\/Duchamp\u00bb en la Royal Academy en 2018.<\/p>\n<p>&nbsp;<\/p>\n<p>Fuente:\u00a0 EFE<\/p>\n<p>&nbsp;<\/p>\n","protected":false},"excerpt":{"rendered":"<p>Una obra maestra de Salvador Dal\u00ed, \u00abCouple aux t\u00eates pleines <a href=\"https:\/\/sertv.gob.pa\/crisolfm\/una-obra-surrealista-de-dali-a-subasta-en-londres-por-mas-de-7-millones\/\"> [&#8230;]<\/a><\/p>\n","protected":false},"author":64,"featured_media":33958,"comment_status":"closed","ping_status":"closed","sticky":false,"template":"","format":"standard","meta":{"footnotes":""},"categories":[6],"tags":[],"class_list":["post-33957","post","type-post","status-publish","format-standard","has-post-thumbnail","hentry","category-culturales"],"_links":{"self":[{"href":"https:\/\/sertv.gob.pa\/crisolfm\/wp-json\/wp\/v2\/posts\/33957","targetHints":{"allow":["GET"]}}],"collection":[{"href":"https:\/\/sertv.gob.pa\/crisolfm\/wp-json\/wp\/v2\/posts"}],"about":[{"href":"https:\/\/sertv.gob.pa\/crisolfm\/wp-json\/wp\/v2\/types\/post"}],"author":[{"embeddable":true,"href":"https:\/\/sertv.gob.pa\/crisolfm\/wp-json\/wp\/v2\/users\/64"}],"replies":[{"embeddable":true,"href":"https:\/\/sertv.gob.pa\/crisolfm\/wp-json\/wp\/v2\/comments?post=33957"}],"version-history":[{"count":1,"href":"https:\/\/sertv.gob.pa\/crisolfm\/wp-json\/wp\/v2\/posts\/33957\/revisions"}],"predecessor-version":[{"id":33959,"href":"https:\/\/sertv.gob.pa\/crisolfm\/wp-json\/wp\/v2\/posts\/33957\/revisions\/33959"}],"wp:featuredmedia":[{"embeddable":true,"href":"https:\/\/sertv.gob.pa\/crisolfm\/wp-json\/wp\/v2\/media\/33958"}],"wp:attachment":[{"href":"https:\/\/sertv.gob.pa\/crisolfm\/wp-json\/wp\/v2\/media?parent=33957"}],"wp:term":[{"taxonomy":"category","embeddable":true,"href":"https:\/\/sertv.gob.pa\/crisolfm\/wp-json\/wp\/v2\/categories?post=33957"},{"taxonomy":"post_tag","embeddable":true,"href":"https:\/\/sertv.gob.pa\/crisolfm\/wp-json\/wp\/v2\/tags?post=33957"}],"curies":[{"name":"wp","href":"https:\/\/api.w.org\/{rel}","templated":true}]}}