{"id":33978,"date":"2020-10-15T13:53:27","date_gmt":"2020-10-15T13:53:27","guid":{"rendered":"https:\/\/sertv.gob.pa\/crisolfm\/?p=33978"},"modified":"2020-10-15T13:53:27","modified_gmt":"2020-10-15T13:53:27","slug":"el-paseo-teatro-en-las-calles-de-lisboa-en-tiempos-de-covid","status":"publish","type":"post","link":"https:\/\/sertv.gob.pa\/crisolfm\/el-paseo-teatro-en-las-calles-de-lisboa-en-tiempos-de-covid\/","title":{"rendered":"\u00abEl paseo\u00bb, teatro en las calles de Lisboa en tiempos de Covid"},"content":{"rendered":"<p>Pasear por una ciudad como Lisboa siempre es un placer, m\u00e1s a\u00fan si es de la mano de los textos del escritor suizo Robert Walser, que invitan a reflexionar sobre la realidad y la ficci\u00f3n y recuperan actualidad en tiempos de pandemia.<\/p>\n<p>Una decena de personas siguen en silencio a Robert Walser -encarnado por el actor y escritor argentino Esteban Feune de Colombi- por las estrechas y empinadas calles del barrio lisboeta de San Vicente de Fora.<\/p>\n<p>El paseo de Walser\/Feune siempre es distinto. Realidad y ficci\u00f3n se confunden y la ciudad y sus vecinos se convierten en actores involuntarios de una performance dirigida por el escritor catal\u00e1n Marc Caellas.<\/p>\n<p>Con un desgastado traje azul, sombrero y paraguas en mano, los lisboetas encuentran en el lento caminar de Feune a un Fernando Pessoa que no habla ya sobre el desasosiego, sino sobre el amor, la naturaleza y las historias cotidianas. Y no en portugu\u00e9s sino en un castellano con marcado acento argentino.<\/p>\n<p>En un parque, Walser\/Feune se rinde ante la belleza de una mujer madura; frente a un cajero autom\u00e1tico lanza una perorata al imaginario subdirector de un banco ante la mirada at\u00f3nita de un ni\u00f1o y su padre presto a sacar dinero; m\u00e1s all\u00e1, la voz de una cantante de \u00f3pera rompe la monoton\u00eda de un barrio de calles desiertas&#8230;.<\/p>\n<p>Basada en \u00abEl paseo\u00bb de Robert Walser (1878-1956) esta obra de \u00abteatro de a pie\u00bb es una creaci\u00f3n de Feune y Caellas que surgi\u00f3 tras una caminata por el barrio porte\u00f1o de San Telmo, en 2011.<\/p>\n<p>S\u00f3lo hay un principio y un final marcados. El resto, cambia en cada ciudad.<\/p>\n<p>La obra \u00abgenera muchas cosas con los espectadores. Algo tan simple como pasear, siguiendo la mirada de Robert Walser\u00bb, explica Caellas en una entrevista con Efe.<\/p>\n<p>\u00abEs buscar la poes\u00eda en lo cotidiano. Emmarcar la ciudad con mini-escenas po\u00e9ticas, entendiendo la ciudad como un gran teatro en el que se confunden actor y espectador\u00bb, contin\u00faa.<\/p>\n<p>La mec\u00e1nica de la preparaci\u00f3n de esta \u00abobra port\u00e1til\u00bb, como la define Caellas, se repite. Director y actor suelen llegar a las ciudades con un par de d\u00edas de antelaci\u00f3n para buscar sus escenarios. El objetivo es localizar espacios que \u00abno sea tan obvios\u00bb para el p\u00fablico.<\/p>\n<p>\u00abEl paseo\u00bb ha recorrido la mayor\u00eda de las capitales latinoamericanas, ciudades \u00abmuy intensas\u00bb, contin\u00faa Caellas, donde la obra ha tenido muchas vidas. Desde M\u00e9xico, donde -recuerda- les sorprendi\u00f3 un terremoto en plena caminata y \u00ablo incorporamos\u00bb- hasta Bogot\u00e1 -donde presenciaron un accidente-.<\/p>\n<p>En Lisboa, la experiencia es mucho m\u00e1s tranquila, con silencios dif\u00edciles de imaginar en otras grandes ciudades, se sorprende.<\/p>\n<p>Ahora, lejos de quedar relegada por la pandemia, la obra \u00abtiene m\u00e1s sentido que nunca\u00bb, sostiene Caellas. \u00abEs muy covid, es por la calle, la gente puede ir con distancia\u00bb.<\/p>\n<p>No obstante, \u00abEl paseo\u00bb ha cambiado con la enfermedad. El p\u00fablico que sigue al Walser de ficci\u00f3n no debe superar la decena y la obra transcurre \u00edntegramente en espacios abiertos. \u00abSol\u00edamos entrar en algunas tiendas raras, en talleres de artistas, librer\u00edas\u00bb. Ahora todo ocurre en la calle.<\/p>\n<p>En los pr\u00f3ximos d\u00edas, esta performance volver\u00e1 a Barcelona y en breve estar\u00e1 en el Festival Iberoamericano de C\u00e1diz, adelanta el director catal\u00e1n.<\/p>\n<p>El paseo no puede parar: \u00abSin pasear estar\u00eda muerto, y mi profesi\u00f3n, a la que amo apasionadamente, estar\u00eda aniquilada\u00bb, escribi\u00f3 Walser.<\/p>\n<p>Cae la tarde en Lisboa y el Walser de ficci\u00f3n termina un paseo de hora y media. Entra en un viejo palacete. En su interior, los restos de magn\u00edficos salones destartalados dan paso a un inmenso jard\u00edn abandonado que mira al r\u00edo Tajo. Walser\/Feune\/ Pessoa desaparece entre la maleza.<\/p>\n<p>Fuente:\u00a0 EFE<\/p>\n<p>&nbsp;<\/p>\n","protected":false},"excerpt":{"rendered":"<p>Pasear por una ciudad como Lisboa siempre es un placer, <a href=\"https:\/\/sertv.gob.pa\/crisolfm\/el-paseo-teatro-en-las-calles-de-lisboa-en-tiempos-de-covid\/\"> [&#8230;]<\/a><\/p>\n","protected":false},"author":64,"featured_media":33979,"comment_status":"closed","ping_status":"closed","sticky":false,"template":"","format":"standard","meta":{"footnotes":""},"categories":[6],"tags":[],"class_list":["post-33978","post","type-post","status-publish","format-standard","has-post-thumbnail","hentry","category-culturales"],"_links":{"self":[{"href":"https:\/\/sertv.gob.pa\/crisolfm\/wp-json\/wp\/v2\/posts\/33978","targetHints":{"allow":["GET"]}}],"collection":[{"href":"https:\/\/sertv.gob.pa\/crisolfm\/wp-json\/wp\/v2\/posts"}],"about":[{"href":"https:\/\/sertv.gob.pa\/crisolfm\/wp-json\/wp\/v2\/types\/post"}],"author":[{"embeddable":true,"href":"https:\/\/sertv.gob.pa\/crisolfm\/wp-json\/wp\/v2\/users\/64"}],"replies":[{"embeddable":true,"href":"https:\/\/sertv.gob.pa\/crisolfm\/wp-json\/wp\/v2\/comments?post=33978"}],"version-history":[{"count":1,"href":"https:\/\/sertv.gob.pa\/crisolfm\/wp-json\/wp\/v2\/posts\/33978\/revisions"}],"predecessor-version":[{"id":33980,"href":"https:\/\/sertv.gob.pa\/crisolfm\/wp-json\/wp\/v2\/posts\/33978\/revisions\/33980"}],"wp:featuredmedia":[{"embeddable":true,"href":"https:\/\/sertv.gob.pa\/crisolfm\/wp-json\/wp\/v2\/media\/33979"}],"wp:attachment":[{"href":"https:\/\/sertv.gob.pa\/crisolfm\/wp-json\/wp\/v2\/media?parent=33978"}],"wp:term":[{"taxonomy":"category","embeddable":true,"href":"https:\/\/sertv.gob.pa\/crisolfm\/wp-json\/wp\/v2\/categories?post=33978"},{"taxonomy":"post_tag","embeddable":true,"href":"https:\/\/sertv.gob.pa\/crisolfm\/wp-json\/wp\/v2\/tags?post=33978"}],"curies":[{"name":"wp","href":"https:\/\/api.w.org\/{rel}","templated":true}]}}