{"id":33981,"date":"2020-10-15T14:24:35","date_gmt":"2020-10-15T14:24:35","guid":{"rendered":"https:\/\/sertv.gob.pa\/crisolfm\/?p=33981"},"modified":"2020-10-15T14:24:35","modified_gmt":"2020-10-15T14:24:35","slug":"la-ribot-recibe-el-leon-de-oro-de-danza-con-un-llamamiento-a-la-convivencia","status":"publish","type":"post","link":"https:\/\/sertv.gob.pa\/crisolfm\/la-ribot-recibe-el-leon-de-oro-de-danza-con-un-llamamiento-a-la-convivencia\/","title":{"rendered":"La Ribot recibe el Le\u00f3n de Oro de Danza con un llamamiento a la convivencia"},"content":{"rendered":"<p>La core\u00f3grafa espa\u00f1ola La Ribot recibi\u00f3 hoy el Le\u00f3n de Oro honor\u00edfico de la Bienal de Danza de Venecia y defendi\u00f3 este arte como \u00abun lugar en el que todos podemos existir\u00bb en medio de un mundo amenazado por el racismo, la represi\u00f3n y sobre todo la pandemia.<\/p>\n<p>\u00abEsta pandemia me est\u00e1 dejando el coraz\u00f3n helado y por eso voy a hablar en castellano, mi lengua materna, porque hoy tengo fr\u00edo y esta lengua me da calor\u00bb, empez\u00f3 la bailarina madrile\u00f1a afincada en Suiza nada m\u00e1s recibir el galard\u00f3n, visiblemente emocionada.<\/p>\n<p>La Ribot avis\u00f3 que el coronavirus ha dejado \u00abel peor a\u00f1o para la danza\u00bb, con \u00abartistas sin trabajo, sin futuro, artistas inmigrantes, artistas enfermos, artistas ni\u00f1as solas, artistas ni\u00f1os ahogados, artistas refugiadas y muertas de fr\u00edo, artistas callados, artistas encerradas, desamparados, artistas vendidas como mercanc\u00eda\u00bb.<\/p>\n<p>Un problema que se a\u00f1ade a otros que, a su parecer, sacuden al mundo, como \u00abun neoliberalismo que avanza salvaje\u00bb, dictaduras pol\u00edticas que \u00abse expanden\u00bb, una creciente represi\u00f3n policial, los fascismos y los nacionalismos, los feminicidios que \u00abparecen no tener fin\u00bb y \u00abel peligro total\u00bb que acecha al mundo transexual.<\/p>\n<p>Ante todo esto su receta es la danza. \u00abYo me imagino que podr\u00edamos estar todos bailando sin parar, todo el rato, todos a la vez, transform\u00e1ndonos continuamente, pasando por todo tipo de experiencias. Partiendo por ejemplo de nosotros mismos\u00bb, inst\u00f3.<\/p>\n<p>Esta disciplina, consider\u00f3, es en realidad \u00abun lugar donde todos podemos existir con nuestros cuerpos\u00bb y por ende \u00abes muy necesario\u00bb creer en este arte como \u00abfuente de conocimiento, saber que crea fuertes lazos entre las personas e inventa mundos mejores\u00bb.<\/p>\n<p>La directora de la Bienal de Danza, Marie Chouinard, que no pudo acudir a la ceremonia por la pandemia, celebr\u00f3 a La Ribot como \u00abgran dama extravagante del arte contempor\u00e1neo\u00bb y una \u00abartista total\u00bb por su obra \u00abradical, rigurosa, cr\u00edtica, h\u00edbrida y libertad\u00bb.<\/p>\n<p>\u00abSu obra contagiosa act\u00faa fulminantemente sobre el pensamiento, lo obliga a moverse fuera de los c\u00e1nones, a reorganizar sus puntos de referencia (&#8230;) Ella misma es una manifiesto encarnado que se renueva sin parar destruyendo alegremente los preconceptos\u00bb, elogi\u00f3.<\/p>\n<p>El Le\u00f3n de Plata de Danza fue entregado a la core\u00f3grafa italiana Claudia Castellucci.<\/p>\n<p>Mar\u00eda Ribot (Madrid, 1962) se inici\u00f3 en los a\u00f1os setenta para criticar enseguida las convenciones del ballet. Con esa visi\u00f3n sigui\u00f3 su formaci\u00f3n en danza contempor\u00e1nea en Francia, Alemania y los Estados Unidos, hasta que en 1986 fund\u00f3 en la capital espa\u00f1ola \u00abBocanada\u00bb junto a la core\u00f3grafa Blanca Calvo.<\/p>\n<p>En aquel Madrid de la Movida y \u00abunderground\u00bb La Ribot mezcl\u00f3 la danza con los g\u00e9neros m\u00e1s de moda en el momento, como el cabar\u00e9, el \u00abfree jazz\u00bb, la m\u00fasica contempor\u00e1nea o el arte visual.<\/p>\n<p>En 1993, inspir\u00e1ndose en la imagen de una sardina tirada en la calle, cre\u00f3 \u00abMuri\u00e9ndose la sirena\u00bb, la primera de sus conocidas como \u00abPiezas distinguidas\u00bb, que hasta este a\u00f1o suman un total de 53 piezas breves, cr\u00edticas y mordaces agrupadas en cinco series.<\/p>\n<p>Entre 1997 y 2004 se instal\u00f3 en Londres, adhiri\u00e9ndose a la corriente de la \u00abperformance\u00bb, hasta que se traslad\u00f3 a Ginebra para ense\u00f1ar y fundar su compa\u00f1\u00eda \u00abLa Ribot-Gen\u00e8ve\u00bb.<\/p>\n<p>Rompedora, provocadora, jugando siempre con el espacio, el tiempo y las artes visuales, La Ribot sigue embarcada en sus \u00abPiezas distinguidas\u00bb, una obra e curso con la que contin\u00faa experimentando su filosof\u00eda coreogr\u00e1fica y su visi\u00f3n pol\u00edtica del mundo.<\/p>\n<p>Este Le\u00f3n de Oro veneciano se suma al resto de reconocimientos que acumula, como el Premio Nacional de Danza y la Medalla de Oro al M\u00e9rito de las Bellas Artes de Espa\u00f1a en 2015 o el Gran Premio suizo de la Danza el pasado a\u00f1o.<\/p>\n<p>&nbsp;<\/p>\n<p>Fuente: EFE<\/p>\n<p>&nbsp;<\/p>\n","protected":false},"excerpt":{"rendered":"<p>La core\u00f3grafa espa\u00f1ola La Ribot recibi\u00f3 hoy el Le\u00f3n de <a href=\"https:\/\/sertv.gob.pa\/crisolfm\/la-ribot-recibe-el-leon-de-oro-de-danza-con-un-llamamiento-a-la-convivencia\/\"> [&#8230;]<\/a><\/p>\n","protected":false},"author":64,"featured_media":33982,"comment_status":"closed","ping_status":"closed","sticky":false,"template":"","format":"standard","meta":{"footnotes":""},"categories":[6],"tags":[],"class_list":["post-33981","post","type-post","status-publish","format-standard","has-post-thumbnail","hentry","category-culturales"],"_links":{"self":[{"href":"https:\/\/sertv.gob.pa\/crisolfm\/wp-json\/wp\/v2\/posts\/33981","targetHints":{"allow":["GET"]}}],"collection":[{"href":"https:\/\/sertv.gob.pa\/crisolfm\/wp-json\/wp\/v2\/posts"}],"about":[{"href":"https:\/\/sertv.gob.pa\/crisolfm\/wp-json\/wp\/v2\/types\/post"}],"author":[{"embeddable":true,"href":"https:\/\/sertv.gob.pa\/crisolfm\/wp-json\/wp\/v2\/users\/64"}],"replies":[{"embeddable":true,"href":"https:\/\/sertv.gob.pa\/crisolfm\/wp-json\/wp\/v2\/comments?post=33981"}],"version-history":[{"count":1,"href":"https:\/\/sertv.gob.pa\/crisolfm\/wp-json\/wp\/v2\/posts\/33981\/revisions"}],"predecessor-version":[{"id":33983,"href":"https:\/\/sertv.gob.pa\/crisolfm\/wp-json\/wp\/v2\/posts\/33981\/revisions\/33983"}],"wp:featuredmedia":[{"embeddable":true,"href":"https:\/\/sertv.gob.pa\/crisolfm\/wp-json\/wp\/v2\/media\/33982"}],"wp:attachment":[{"href":"https:\/\/sertv.gob.pa\/crisolfm\/wp-json\/wp\/v2\/media?parent=33981"}],"wp:term":[{"taxonomy":"category","embeddable":true,"href":"https:\/\/sertv.gob.pa\/crisolfm\/wp-json\/wp\/v2\/categories?post=33981"},{"taxonomy":"post_tag","embeddable":true,"href":"https:\/\/sertv.gob.pa\/crisolfm\/wp-json\/wp\/v2\/tags?post=33981"}],"curies":[{"name":"wp","href":"https:\/\/api.w.org\/{rel}","templated":true}]}}