{"id":34011,"date":"2020-10-15T17:53:53","date_gmt":"2020-10-15T17:53:53","guid":{"rendered":"https:\/\/sertv.gob.pa\/crisolfm\/?p=34011"},"modified":"2020-10-15T17:53:53","modified_gmt":"2020-10-15T17:53:53","slug":"los-hablantes-del-espanol-han-crecido-mas-de-un-30-por-ciento-en-una-decada","status":"publish","type":"post","link":"https:\/\/sertv.gob.pa\/crisolfm\/los-hablantes-del-espanol-han-crecido-mas-de-un-30-por-ciento-en-una-decada\/","title":{"rendered":"Los hablantes del espa\u00f1ol han crecido m\u00e1s de un 30 por ciento en una d\u00e9cada"},"content":{"rendered":"<p>M\u00e1s de 585 millones de personas (el 7,5 por ciento de la poblaci\u00f3n mundial) hablan espa\u00f1ol, cinco millones m\u00e1s que hace un a\u00f1o, unos datos que confirman su evoluci\u00f3n al alza en la \u00faltima d\u00e9cada, en la que los hablantes han crecido m\u00e1s de un 30 por ciento y lo estudian un 60 por ciento m\u00e1s que en 2010.<\/p>\n<p>Estos datos fueron dados a conocer este jueves en la presentaci\u00f3n del Anuario del espa\u00f1ol en el mundo 2020, un acto en el que participaron la ministra espa\u00f1ola de Asuntos Exteriores, Arancha Gonz\u00e1lez Laya, y el director del Instituto Cervantes, Luis Garc\u00eda Montero, y que est\u00e1 dedicado en esta edici\u00f3n a la relaci\u00f3n entre lengua e identidad.<\/p>\n<p>Una cuesti\u00f3n, la de la conexi\u00f3n entre lengua e identidad, que es especialmente importante, dijo la ministra de Asuntos Exteriores, en una sociedad diversa donde las lenguas tienen que servir \u00abpara crear comunidad, para unirnos\u00bb.<\/p>\n<p>Por eso Gonz\u00e1lez Laya apost\u00f3 por \u00abdescender del ruido que nos rodea\u00bb y apostar por un di\u00e1logo \u00abde forma sosegada\u00bb sobre algo tan importante como es esta relaci\u00f3n entre lengua e identidad.<\/p>\n<p>La ministra recalc\u00f3 tambi\u00e9n que la lengua espa\u00f1ola \u00abgoza de excelente salud\u00bb y tiene una gran expansi\u00f3n: \u00abNuestra lengua es uno de nuestros mayores activos\u00bb y, por eso, hay que asegurar que sea uno de los sectores relevantes en el plan de recuperaci\u00f3n post Covid, a\u00f1adi\u00f3.<\/p>\n<p>La directora acad\u00e9mica del Cervantes, Carmen Pastor, y el profesor de la Universidad de Alcal\u00e1 (Madrid) David Fern\u00e1ndez V\u00edtores, autor del informe, explicaron que del total de personas que hablan espa\u00f1ol, casi 489 millones son hispanohablantes nativos, es decir como lengua materna, (seis millones m\u00e1s que en 2019), y m\u00e1s de 22 millones lo estudian como lengua extranjera.<\/p>\n<p>De este total de estudiantes en el mundo, la Uni\u00f3n Europea, Brasil y Estados Unidos agrupan el 90 por ciento del total.<\/p>\n<p>Adem\u00e1s, el espa\u00f1ol es la segunda lengua materna por n\u00famero de hablantes tras el chino mandar\u00edn, y la tercera lengua en un c\u00f3mputo global de usuarios despu\u00e9s del ingl\u00e9s y del chino mandar\u00edn.<\/p>\n<p>En lo que se refiere a su uso en internet es la tercera m\u00e1s utilizada: el 7,9% de los usuarios se comunica en espa\u00f1ol. Es el segundo idioma, detr\u00e1s del ingl\u00e9s, en publicaci\u00f3n de textos cient\u00edficos.<\/p>\n<p>En la \u00faltima d\u00e9cada, los estudiantes que eligen el espa\u00f1ol como lengua extranjera ha aumentado en casi un 60 por ciento y en la actualidad lo estudian un total de 22.329.275 personas.<\/p>\n<p>El pasado a\u00f1o m\u00e1s de 907.000 extranjeros se desplazaron a Espa\u00f1a para estudiarlo. El perfil predominante es el de mujer, mayor de 30 a\u00f1os, interesada en la cultura.<\/p>\n<p>Fern\u00e1ndez V\u00edtores explic\u00f3 c\u00f3mo se ha reforzado el protagonismo del espa\u00f1ol en detrimento de lenguas m\u00e1s asentadas como el franc\u00e9s y el alem\u00e1n y c\u00f3mo se prev\u00e9 un aumento del n\u00famero de hispanohablantes en las pr\u00f3ximas d\u00e9cadas.<\/p>\n<p>No obstante, en la segunda mitad de siglo, su peso relativo empezar\u00e1 a disminuir de manera progresiva y en el a\u00f1o 2100 se situar\u00e1 en el 6,3% la poblaci\u00f3n mundial que podr\u00e1 comunicarse en espa\u00f1ol.<\/p>\n<p>El espa\u00f1ol se sit\u00faa adem\u00e1s como la segunda lengua m\u00e1s importante en el \u00e1mbito internacional, es el tercer idioma m\u00e1s usado en la Organizaci\u00f3n de las Naciones Unidas y el cuarto en la Uni\u00f3n Europea, donde la salida del Reino Unido ha beneficiado el peso relativo del idioma.<\/p>\n<p>Sin embargo, el aumento del empleo del ingl\u00e9s en los diversos organismos internacionales resta protagonismo al espa\u00f1ol y a las otras lenguas oficiales.<\/p>\n<p>El informe aborda tambi\u00e9n la situaci\u00f3n del espa\u00f1ol en Estados Unidos, donde m\u00e1s de 62 millones de estadounidenses (el 18,7% de la poblaci\u00f3n total) son de origen hispano. De ellos, el 71% utilizan el espa\u00f1ol en el entorno familiar y el 94 % se identifican como hispanos, la minor\u00eda \u00e9tnica que estar\u00e1 m\u00e1s representada en las pr\u00f3ximas elecciones presidenciales.<\/p>\n<p>El espa\u00f1ol es adem\u00e1s el idioma m\u00e1s estudiado en todos los niveles de ense\u00f1anza estadounidenses.<\/p>\n<p>Fuente:\u00a0 EFE<\/p>\n<p>&nbsp;<\/p>\n","protected":false},"excerpt":{"rendered":"<p>M\u00e1s de 585 millones de personas (el 7,5 por ciento <a href=\"https:\/\/sertv.gob.pa\/crisolfm\/los-hablantes-del-espanol-han-crecido-mas-de-un-30-por-ciento-en-una-decada\/\"> [&#8230;]<\/a><\/p>\n","protected":false},"author":64,"featured_media":34012,"comment_status":"closed","ping_status":"closed","sticky":false,"template":"","format":"standard","meta":{"footnotes":""},"categories":[6],"tags":[],"class_list":["post-34011","post","type-post","status-publish","format-standard","has-post-thumbnail","hentry","category-culturales"],"_links":{"self":[{"href":"https:\/\/sertv.gob.pa\/crisolfm\/wp-json\/wp\/v2\/posts\/34011","targetHints":{"allow":["GET"]}}],"collection":[{"href":"https:\/\/sertv.gob.pa\/crisolfm\/wp-json\/wp\/v2\/posts"}],"about":[{"href":"https:\/\/sertv.gob.pa\/crisolfm\/wp-json\/wp\/v2\/types\/post"}],"author":[{"embeddable":true,"href":"https:\/\/sertv.gob.pa\/crisolfm\/wp-json\/wp\/v2\/users\/64"}],"replies":[{"embeddable":true,"href":"https:\/\/sertv.gob.pa\/crisolfm\/wp-json\/wp\/v2\/comments?post=34011"}],"version-history":[{"count":1,"href":"https:\/\/sertv.gob.pa\/crisolfm\/wp-json\/wp\/v2\/posts\/34011\/revisions"}],"predecessor-version":[{"id":34013,"href":"https:\/\/sertv.gob.pa\/crisolfm\/wp-json\/wp\/v2\/posts\/34011\/revisions\/34013"}],"wp:featuredmedia":[{"embeddable":true,"href":"https:\/\/sertv.gob.pa\/crisolfm\/wp-json\/wp\/v2\/media\/34012"}],"wp:attachment":[{"href":"https:\/\/sertv.gob.pa\/crisolfm\/wp-json\/wp\/v2\/media?parent=34011"}],"wp:term":[{"taxonomy":"category","embeddable":true,"href":"https:\/\/sertv.gob.pa\/crisolfm\/wp-json\/wp\/v2\/categories?post=34011"},{"taxonomy":"post_tag","embeddable":true,"href":"https:\/\/sertv.gob.pa\/crisolfm\/wp-json\/wp\/v2\/tags?post=34011"}],"curies":[{"name":"wp","href":"https:\/\/api.w.org\/{rel}","templated":true}]}}