{"id":34027,"date":"2020-10-16T13:24:29","date_gmt":"2020-10-16T13:24:29","guid":{"rendered":"https:\/\/sertv.gob.pa\/crisolfm\/?p=34027"},"modified":"2020-10-16T13:24:29","modified_gmt":"2020-10-16T13:24:29","slug":"imagenes-animadas-para-concienciar-sobre-patrimonio-y-derechos-de-autor","status":"publish","type":"post","link":"https:\/\/sertv.gob.pa\/crisolfm\/imagenes-animadas-para-concienciar-sobre-patrimonio-y-derechos-de-autor\/","title":{"rendered":"Im\u00e1genes animadas para concienciar sobre patrimonio y derechos de autor"},"content":{"rendered":"<p>Con el objetivo de fomentar la creatividad a trav\u00e9s del patrimonio cultural y en un formato capaz de cautivar a los milenials y a la generaci\u00f3n Z, nace \u00abGIF it up\u00bb, un concurso que invita a crear y compartir im\u00e1genes animadas a partir de los fondos documentales digitalizados y con licencia abierta.<\/p>\n<p>Organizado por la biblioteca digital europea de acceso libre, Europeana, y en colaboraci\u00f3n con la Biblioteca Digital P\u00fablica de Estados Unidos, el servicio DigitalNZ de la Biblioteca Nacional de Nueva Zelanda, la base de datos en l\u00ednea australiana Trove y otras bibliotecas similares en Jap\u00f3n o en India, \u00abGIF it up\u00bb tiene un doble objetivo: concienciar sobre la importancia de las colecciones, pero tambi\u00e9n sobre los derechos de autor.<\/p>\n<p>\u00abAlentamos a las personas a explorar la riqueza y la belleza de las colecciones digitales mientras desarrollan sus habilidades creativas y aprenden sobre los derechos de autor\u00bb, explic\u00f3 a Efe la miembro de Europeana y una de las organizadoras del concurso, Aleksandra Strzelichowska.<\/p>\n<p>El concurso, que est\u00e1 abierto a la participaci\u00f3n durante todo el mes de octubre, consigue cada a\u00f1o implicar a personas de todos los perfiles, edades y nacionalidades, que tienen que cumplir un \u00fanico requisito: crear, a trav\u00e9s del patrimonio digital de libre acceso, la imagen en movimiento m\u00e1s original.<\/p>\n<p>EL PATRIMONIO COMO PARTE DE LA VIDA DIGITAL COTIDIANA<\/p>\n<p>As\u00ed, esta iniciativa que naci\u00f3 en 2014, ha cultivado un gran \u00e9xito a ra\u00edz de anteriores ediciones, tras las cuales, se han registrado m\u00e1s de 799 millones de visualizaciones en GIPHY (una base de datos en l\u00ednea con im\u00e1genes en este formato), y se han convertido, en palabras de Strzelichowska, \u00aben una parte relevante de la vida digital diaria\u00bb.<\/p>\n<p>Debido, precisamente, a que compartir im\u00e1genes animadas forma parte de la actividad digital cotidiana, en este 2020 la participaci\u00f3n est\u00e1 respondiendo a tem\u00e1ticas muy actuales, como el uso de mascarillas o el cambio clim\u00e1tico.<\/p>\n<p>\u00abEsto es un gran ejemplo del potencial de las colecciones culturales para reinventarse constantemente y de la creatividad que ayuda a las personas a expresarse y comentar la realidad circundante\u00bb, a\u00f1adi\u00f3 la organizadora del evento que, adem\u00e1s, premia a los ganadores con un curso digital sobre de Historia del arte.<\/p>\n<p>Un OVNI sobrevolando la ciudad neerlandesa de Delft en el siglo XVII, esqueletos bailando en una p\u00e1gina de un manuscrito medieval, una dama subida sobre un caim\u00e1n e, incluso, una versi\u00f3n de la aplicaci\u00f3n Tinder hecha con hist\u00f3ricos cuadros son algunos de los ejemplos de otras ediciones que demuestran no solo el despliegue de ingenio de sus participantes, sino tambi\u00e9n las posibilidades de acercar el patrimonio digital a trav\u00e9s de plataformas como Europeana.<\/p>\n<p>\u00abUna gran cantidad de material disponible en l\u00ednea es extremadamente interesante en s\u00ed mismo\u00bb, apunt\u00f3 Strzelichowska, pero esta iniciativa es, adem\u00e1s, \u00abuna forma de hacer sonre\u00edr a las personas mientras se trae una peque\u00f1a parte del patrimonio cultural a su vida diaria, especialmente este a\u00f1o, cuando involucrarse con la cultura digital se ha convertido en una forma de encontrar calma, alegr\u00eda y distracci\u00f3n de las noticias y la realidad estresante\u00bb, concluy\u00f3.<\/p>\n<p>&nbsp;<\/p>\n<p>Fuente:\u00a0 EFE<\/p>\n<p>&nbsp;<\/p>\n","protected":false},"excerpt":{"rendered":"<p>Con el objetivo de fomentar la creatividad a trav\u00e9s del <a href=\"https:\/\/sertv.gob.pa\/crisolfm\/imagenes-animadas-para-concienciar-sobre-patrimonio-y-derechos-de-autor\/\"> [&#8230;]<\/a><\/p>\n","protected":false},"author":64,"featured_media":34028,"comment_status":"closed","ping_status":"closed","sticky":false,"template":"","format":"standard","meta":{"footnotes":""},"categories":[6],"tags":[],"class_list":["post-34027","post","type-post","status-publish","format-standard","has-post-thumbnail","hentry","category-culturales"],"_links":{"self":[{"href":"https:\/\/sertv.gob.pa\/crisolfm\/wp-json\/wp\/v2\/posts\/34027","targetHints":{"allow":["GET"]}}],"collection":[{"href":"https:\/\/sertv.gob.pa\/crisolfm\/wp-json\/wp\/v2\/posts"}],"about":[{"href":"https:\/\/sertv.gob.pa\/crisolfm\/wp-json\/wp\/v2\/types\/post"}],"author":[{"embeddable":true,"href":"https:\/\/sertv.gob.pa\/crisolfm\/wp-json\/wp\/v2\/users\/64"}],"replies":[{"embeddable":true,"href":"https:\/\/sertv.gob.pa\/crisolfm\/wp-json\/wp\/v2\/comments?post=34027"}],"version-history":[{"count":1,"href":"https:\/\/sertv.gob.pa\/crisolfm\/wp-json\/wp\/v2\/posts\/34027\/revisions"}],"predecessor-version":[{"id":34029,"href":"https:\/\/sertv.gob.pa\/crisolfm\/wp-json\/wp\/v2\/posts\/34027\/revisions\/34029"}],"wp:featuredmedia":[{"embeddable":true,"href":"https:\/\/sertv.gob.pa\/crisolfm\/wp-json\/wp\/v2\/media\/34028"}],"wp:attachment":[{"href":"https:\/\/sertv.gob.pa\/crisolfm\/wp-json\/wp\/v2\/media?parent=34027"}],"wp:term":[{"taxonomy":"category","embeddable":true,"href":"https:\/\/sertv.gob.pa\/crisolfm\/wp-json\/wp\/v2\/categories?post=34027"},{"taxonomy":"post_tag","embeddable":true,"href":"https:\/\/sertv.gob.pa\/crisolfm\/wp-json\/wp\/v2\/tags?post=34027"}],"curies":[{"name":"wp","href":"https:\/\/api.w.org\/{rel}","templated":true}]}}