{"id":34030,"date":"2020-10-16T13:53:51","date_gmt":"2020-10-16T13:53:51","guid":{"rendered":"https:\/\/sertv.gob.pa\/crisolfm\/?p=34030"},"modified":"2020-10-16T13:53:51","modified_gmt":"2020-10-16T13:53:51","slug":"los-reyes-de-espana-presiden-hoy-la-entrega-de-premios-princesa-de-asturias","status":"publish","type":"post","link":"https:\/\/sertv.gob.pa\/crisolfm\/los-reyes-de-espana-presiden-hoy-la-entrega-de-premios-princesa-de-asturias\/","title":{"rendered":"Los reyes de Espa\u00f1a presiden hoy la entrega de Premios Princesa de Asturias"},"content":{"rendered":"<p>El rey Felipe, acompa\u00f1ado por la reina Letizia y sus hijas, la princesa Leonor y la infanta Sof\u00eda, entregar\u00e1 hoy en Oviedo (norte) los Premios Princesa de Asturias 2020, en un acto marcado por la pandemia de coronavirus, y que por primera vez en sus cuarenta a\u00f1os de historia se har\u00e1 sin p\u00fablico.<\/p>\n<p>Entre los premiados est\u00e1n los sanitarios espa\u00f1oles que tuvieron que hacer frente a la COVID-19, que recibir\u00e1n el Premio Princesa de Asturias de la Concordia.<\/p>\n<p>La ceremonia se celebrar\u00e1 en la antigua capilla del Hotel Reconquista con un aforo limitado a autoridades y la asistencia de premiados en cinco de las ocho categor\u00edas y no en el Teatro Campoamor, como era tradicional, donde acog\u00eda habitualmente a 1.400 invitados.<\/p>\n<p>La pandemia ya llev\u00f3 a la Fundaci\u00f3n Princesa de Asturias, que convoca los galardones, primero a retrasar al mes de junio las reuniones de los jurados y despu\u00e9s, a organizar las deliberaciones y los fallos de manera telem\u00e1tica.<\/p>\n<p>Entre los premiados que asistir\u00e1n al acto este viernes est\u00e1 el piloto espa\u00f1ol Carlos Sainz (Premio de los Deportes); el matem\u00e1tico franc\u00e9s Emmanuel Cand\u00e8s (galardonado con el de Investigaci\u00f3n junto con Yves Meyer, Ingrid Daubechies y Terence Tao); Andrea Morricone, en nombre de su padre, Ennio Morricone, fallecido tras ser distinguido con el Premio Princesa de Asturias de las Artes junto con el tambi\u00e9n compositor John Williams.<\/p>\n<p>Tambi\u00e9n recoger\u00e1n personalmente su premio las directoras del Hay Festival para Latinoam\u00e9rica, Cristina Fuentes La Roche, y Espa\u00f1a, Mar\u00eda Sheila Cremaschi, certamen distinguido con el Premio de Comunicaci\u00f3n y Humanidades junto a la Feria Internacional del Libro (FIL) de Guadalajara (M\u00e9xico).<\/p>\n<p>Asimismo estar\u00e1n presentes una quincena de personas en representaci\u00f3n del colectivo de sanitarios espa\u00f1oles que lucharon en primera l\u00ednea contra la COVID-19, que recibir\u00e1n el galard\u00f3n de la Concordia.<\/p>\n<p>Los otros galardonados suplir\u00e1n su ausencia con mensajes grabados: The Vaccine Aliance (Cooperaci\u00f3n Internacional), Dani Rodrik (Ciencias Sociales), John Williams (Artes) e Ingrid Daubechies (Investigaci\u00f3n).<\/p>\n<p>A la entrega de premios asistir\u00e1 tambi\u00e9n, como es tradicional, la reina Sof\u00eda, madre de Felipe VI, y por segundo a\u00f1o, tomar\u00e1 la palabra la princesa Leonor, que ostenta del t\u00edtulo de Princesa de Asturias, como heredera al trono de Espa\u00f1a, t\u00edtulo que da nombre a estos premios, que este a\u00f1o cumplen su cuarenta aniversario.<\/p>\n<p>&nbsp;<\/p>\n<p>Fuente:\u00a0 EFE<\/p>\n","protected":false},"excerpt":{"rendered":"<p>El rey Felipe, acompa\u00f1ado por la reina Letizia y sus <a href=\"https:\/\/sertv.gob.pa\/crisolfm\/los-reyes-de-espana-presiden-hoy-la-entrega-de-premios-princesa-de-asturias\/\"> [&#8230;]<\/a><\/p>\n","protected":false},"author":64,"featured_media":34031,"comment_status":"closed","ping_status":"closed","sticky":false,"template":"","format":"standard","meta":{"footnotes":""},"categories":[6],"tags":[],"class_list":["post-34030","post","type-post","status-publish","format-standard","has-post-thumbnail","hentry","category-culturales"],"_links":{"self":[{"href":"https:\/\/sertv.gob.pa\/crisolfm\/wp-json\/wp\/v2\/posts\/34030","targetHints":{"allow":["GET"]}}],"collection":[{"href":"https:\/\/sertv.gob.pa\/crisolfm\/wp-json\/wp\/v2\/posts"}],"about":[{"href":"https:\/\/sertv.gob.pa\/crisolfm\/wp-json\/wp\/v2\/types\/post"}],"author":[{"embeddable":true,"href":"https:\/\/sertv.gob.pa\/crisolfm\/wp-json\/wp\/v2\/users\/64"}],"replies":[{"embeddable":true,"href":"https:\/\/sertv.gob.pa\/crisolfm\/wp-json\/wp\/v2\/comments?post=34030"}],"version-history":[{"count":1,"href":"https:\/\/sertv.gob.pa\/crisolfm\/wp-json\/wp\/v2\/posts\/34030\/revisions"}],"predecessor-version":[{"id":34032,"href":"https:\/\/sertv.gob.pa\/crisolfm\/wp-json\/wp\/v2\/posts\/34030\/revisions\/34032"}],"wp:featuredmedia":[{"embeddable":true,"href":"https:\/\/sertv.gob.pa\/crisolfm\/wp-json\/wp\/v2\/media\/34031"}],"wp:attachment":[{"href":"https:\/\/sertv.gob.pa\/crisolfm\/wp-json\/wp\/v2\/media?parent=34030"}],"wp:term":[{"taxonomy":"category","embeddable":true,"href":"https:\/\/sertv.gob.pa\/crisolfm\/wp-json\/wp\/v2\/categories?post=34030"},{"taxonomy":"post_tag","embeddable":true,"href":"https:\/\/sertv.gob.pa\/crisolfm\/wp-json\/wp\/v2\/tags?post=34030"}],"curies":[{"name":"wp","href":"https:\/\/api.w.org\/{rel}","templated":true}]}}