{"id":34034,"date":"2020-10-16T14:25:41","date_gmt":"2020-10-16T14:25:41","guid":{"rendered":"https:\/\/sertv.gob.pa\/crisolfm\/?p=34034"},"modified":"2020-10-16T14:25:41","modified_gmt":"2020-10-16T14:25:41","slug":"sandra-barneda-necesito-llenar-la-vida-de-palabras-historias-personajes","status":"publish","type":"post","link":"https:\/\/sertv.gob.pa\/crisolfm\/sandra-barneda-necesito-llenar-la-vida-de-palabras-historias-personajes\/","title":{"rendered":"Sandra Barneda: \u00abNecesito llenar la vida de palabras, historias, personajes\u00bb"},"content":{"rendered":"<p>Responde la periodista espa\u00f1ola Sandra Barneda a Efe por tel\u00e9fono, puesto que hace unos d\u00edas dio positivo en coronavirus y est\u00e1, desde entonces, encerrada en casa. Sin embargo, se muestra feliz por haber sido la finalista anoche del Premio Planeta con una historia \u00edntima, \u00abUn oc\u00e9ano para llegar a ti\u00bb.<\/p>\n<p>Se encuentra bien y con ganas de hablar de su cuarta novela, en la que trata sobre la vulnerabilidad y la p\u00e9rdida, y que cree sumergir\u00e1 al lector en un argumento donde \u00ablo ordinario ser\u00e1 extraordinario\u00bb, donde ver\u00e1, como est\u00e1 ocurriendo en este tiempo de pandemia, \u00abla importancia de las peque\u00f1as cosas, de lo que tenemos a nuestro alrededor, de lo que necesitamos\u00bb.<\/p>\n<p>A pesar de ser actualmente muy popular por su faceta televisiva y por presentar el reality de \u00e9xito \u00abLa isla de las tentaciones\u00bb, precisa que escribe desde muy joven y rememora tardes pasadas en un bar en las que lleg\u00f3 a anotar sus ideas en una servilleta.<\/p>\n<p>\u00abNo puedo vivir sin la escritura. Creo que se me da mejor escribir que hablar, porque, en el fondo soy muy t\u00edmida, y porque tengo un punto naif, porque la vida me parece demasiado grande para poder captar toda su esencia. Necesito escribir y escribir para entenderla. Necesito llenar la vida de palabras, historias y personajes, que, a la vez me dan la vida\u00bb, apunta.<\/p>\n<p>Tras debutar en 2013 con \u00abRe\u00edr al viento\u00bb (Suma), que forma parte de una tetralog\u00eda basada en el c\u00edrculo de la vida, prosigui\u00f3 su carrera literaria con \u00abLa tierra de las mujeres\u00bb y \u00abLas hijas del agua\u00bb, todas ellas publicadas en sellos del grupo Penguin Random House.<\/p>\n<p>Ahora ser\u00e1 Planeta quien le editar\u00e1 su cuarto t\u00edtulo en narrativa -tambi\u00e9n es autora de la obra de no ficci\u00f3n \u00abHablar\u00e1n de nosotras\u00bb- en el que el lector conocer\u00e1 a Gabriel, una mujer en la cuarentena que viajar\u00e1 al pueblo de su padre, Candeleda, en la sierra de Gredos, (centro), un lugar con predicamento entre los que practican zen y donde cambiar\u00e1 el concepto que ten\u00eda de su progenitor, de quien estaba distanciada.<\/p>\n<p>A lo largo de 49 d\u00edas, que son los que los budistas creen que necesita el alma para reencarnarse en el cuerpo, se suceder\u00e1n una serie de acontecimientos que sacudir\u00e1n a Gabriel y le mostrar\u00e1n un camino de esperanza.<\/p>\n<p>La escritora mantiene que cuando la vida \u00abte sacude con una p\u00e9rdida, no puedes sostener las corazas que nos vamos construyendo para protegernos, para parecer m\u00e1s fuertes. Es por ello que esta novela habla de la desnudez de uno mismo para llegar a la verdadera esencia\u00bb.<\/p>\n<p>Avanza que \u00abparte de las p\u00e9rdidas y de c\u00f3mo sacuden a los diferentes personajes de la obra. La vuelta a casa de Gabriel es como el viaje del h\u00e9roe, quien, con desasosiego, se da cuenta de que su vida no se sostiene, de que hay ciertas mentiras y verdades veladas en la familia que le han llevado a ir por una senda que no le satisface lo suficiente\u00bb.<\/p>\n<p>Barneda piensa que \u00aba veces nos comportamos como los burros, nos ponemos una venda en los ojos y seguimos y, en esta novela, Gabriel cruzar\u00e1 ese oc\u00e9ano interior para llegar a ella misma y a su padre, al final es la historia de una relaci\u00f3n entre padre e hija, de c\u00f3mo ellos van desnud\u00e1ndose y descubri\u00e9ndose, de los malentendidos que los han llevado a la distancia y a la lejan\u00eda\u00bb.<\/p>\n<p>Asegura que su artefacto literario es una \u00aboda a la vulnerabilidad\u00bb, pero advierte que es optimista, aunque trate sobre la p\u00e9rdida, a la vez que desliza que \u00abte enamoras de los personajes, de su aroma, porque algunos son esos \u00e1ngeles elegidos o de sangre, que te tocan\u00bb.<\/p>\n<p>Destaca, por otra parte, una frase de la obra, en la que indica que \u00absolo hay algo m\u00e1s fuerte que la voluntad y es el amor\u00bb, porque \u00abla novela trata sobre eso, del amor por encima de todo, por tanto, es una gran historia de amor\u00bb.<\/p>\n<p>Fuente:\u00a0 EFE<\/p>\n<p>&nbsp;<\/p>\n","protected":false},"excerpt":{"rendered":"<p>Responde la periodista espa\u00f1ola Sandra Barneda a Efe por tel\u00e9fono, <a href=\"https:\/\/sertv.gob.pa\/crisolfm\/sandra-barneda-necesito-llenar-la-vida-de-palabras-historias-personajes\/\"> [&#8230;]<\/a><\/p>\n","protected":false},"author":64,"featured_media":34035,"comment_status":"closed","ping_status":"closed","sticky":false,"template":"","format":"standard","meta":{"footnotes":""},"categories":[6],"tags":[],"class_list":["post-34034","post","type-post","status-publish","format-standard","has-post-thumbnail","hentry","category-culturales"],"_links":{"self":[{"href":"https:\/\/sertv.gob.pa\/crisolfm\/wp-json\/wp\/v2\/posts\/34034","targetHints":{"allow":["GET"]}}],"collection":[{"href":"https:\/\/sertv.gob.pa\/crisolfm\/wp-json\/wp\/v2\/posts"}],"about":[{"href":"https:\/\/sertv.gob.pa\/crisolfm\/wp-json\/wp\/v2\/types\/post"}],"author":[{"embeddable":true,"href":"https:\/\/sertv.gob.pa\/crisolfm\/wp-json\/wp\/v2\/users\/64"}],"replies":[{"embeddable":true,"href":"https:\/\/sertv.gob.pa\/crisolfm\/wp-json\/wp\/v2\/comments?post=34034"}],"version-history":[{"count":1,"href":"https:\/\/sertv.gob.pa\/crisolfm\/wp-json\/wp\/v2\/posts\/34034\/revisions"}],"predecessor-version":[{"id":34036,"href":"https:\/\/sertv.gob.pa\/crisolfm\/wp-json\/wp\/v2\/posts\/34034\/revisions\/34036"}],"wp:featuredmedia":[{"embeddable":true,"href":"https:\/\/sertv.gob.pa\/crisolfm\/wp-json\/wp\/v2\/media\/34035"}],"wp:attachment":[{"href":"https:\/\/sertv.gob.pa\/crisolfm\/wp-json\/wp\/v2\/media?parent=34034"}],"wp:term":[{"taxonomy":"category","embeddable":true,"href":"https:\/\/sertv.gob.pa\/crisolfm\/wp-json\/wp\/v2\/categories?post=34034"},{"taxonomy":"post_tag","embeddable":true,"href":"https:\/\/sertv.gob.pa\/crisolfm\/wp-json\/wp\/v2\/tags?post=34034"}],"curies":[{"name":"wp","href":"https:\/\/api.w.org\/{rel}","templated":true}]}}