{"id":34059,"date":"2020-10-16T17:55:21","date_gmt":"2020-10-16T17:55:21","guid":{"rendered":"https:\/\/sertv.gob.pa\/crisolfm\/?p=34059"},"modified":"2020-10-16T17:55:21","modified_gmt":"2020-10-16T17:55:21","slug":"placido-domingo-dirigira-por-primera-vez-en-el-bolshoi-el-proximo-dia-21","status":"publish","type":"post","link":"https:\/\/sertv.gob.pa\/crisolfm\/placido-domingo-dirigira-por-primera-vez-en-el-bolshoi-el-proximo-dia-21\/","title":{"rendered":"Pl\u00e1cido Domingo dirigir\u00e1 por primera vez en el Bolsh\u00f3i el pr\u00f3ximo d\u00eda 21"},"content":{"rendered":"<p>El tenor y director espa\u00f1ol Pl\u00e1cido Domingo dirigir\u00e1 el pr\u00f3ximo d\u00eda 21 por primera vez y en \u00fanica funci\u00f3n la orquesta del teatro Bolsh\u00f3i en la presentaci\u00f3n de la \u00d3pera \u00abManon Lescaut\u00bb.<\/p>\n<p>\u00abLa elecci\u00f3n de la obra para su debut no ha sido casual: toda la vida del maestro ha estado vinculada a esta \u00f3pera\u00bb, se\u00f1al\u00f3 el afamado teatro moscovita en una nota publicada en su p\u00e1gina web.<\/p>\n<p>El Bolsh\u00f3i destac\u00f3 que Domingo es un excelso int\u00e9rprete del papel del caballero Des Grieux, en el que debut\u00f3 en Estados Unidos cuando ten\u00eda 27 a\u00f1os con la gran soprano dram\u00e1tica italiana Renata Tebaldi.<\/p>\n<p>El maestro espa\u00f1ol comenz\u00f3 a dirigir \u00abManon Lescaut\u00bb en 2007 en la \u00d3pera Nacional de Washington y siempre la ha destacado entre las obras maestras de Giacomo Puccini.<\/p>\n<p>Bajo la batuta de Domingo, el tenor azerbaiyano Yusif Eyvazov y el bar\u00edtono Elchin Az\u00edzov, tambi\u00e9n azerbaiyano, interpretar\u00e1n los papeles del caballero Des Grieux y del sargento Lescaut, respectivamente, mientras que la parte de Manon estar\u00e1 a cargo de la soprano rusa Anna Nech\u00e1eva.<\/p>\n<p>Fuente:\u00a0 EFE<\/p>\n<p>&nbsp;<\/p>\n","protected":false},"excerpt":{"rendered":"<p>El tenor y director espa\u00f1ol Pl\u00e1cido Domingo dirigir\u00e1 el pr\u00f3ximo <a href=\"https:\/\/sertv.gob.pa\/crisolfm\/placido-domingo-dirigira-por-primera-vez-en-el-bolshoi-el-proximo-dia-21\/\"> [&#8230;]<\/a><\/p>\n","protected":false},"author":64,"featured_media":34060,"comment_status":"closed","ping_status":"closed","sticky":false,"template":"","format":"standard","meta":{"footnotes":""},"categories":[6],"tags":[],"class_list":["post-34059","post","type-post","status-publish","format-standard","has-post-thumbnail","hentry","category-culturales"],"_links":{"self":[{"href":"https:\/\/sertv.gob.pa\/crisolfm\/wp-json\/wp\/v2\/posts\/34059","targetHints":{"allow":["GET"]}}],"collection":[{"href":"https:\/\/sertv.gob.pa\/crisolfm\/wp-json\/wp\/v2\/posts"}],"about":[{"href":"https:\/\/sertv.gob.pa\/crisolfm\/wp-json\/wp\/v2\/types\/post"}],"author":[{"embeddable":true,"href":"https:\/\/sertv.gob.pa\/crisolfm\/wp-json\/wp\/v2\/users\/64"}],"replies":[{"embeddable":true,"href":"https:\/\/sertv.gob.pa\/crisolfm\/wp-json\/wp\/v2\/comments?post=34059"}],"version-history":[{"count":1,"href":"https:\/\/sertv.gob.pa\/crisolfm\/wp-json\/wp\/v2\/posts\/34059\/revisions"}],"predecessor-version":[{"id":34062,"href":"https:\/\/sertv.gob.pa\/crisolfm\/wp-json\/wp\/v2\/posts\/34059\/revisions\/34062"}],"wp:featuredmedia":[{"embeddable":true,"href":"https:\/\/sertv.gob.pa\/crisolfm\/wp-json\/wp\/v2\/media\/34060"}],"wp:attachment":[{"href":"https:\/\/sertv.gob.pa\/crisolfm\/wp-json\/wp\/v2\/media?parent=34059"}],"wp:term":[{"taxonomy":"category","embeddable":true,"href":"https:\/\/sertv.gob.pa\/crisolfm\/wp-json\/wp\/v2\/categories?post=34059"},{"taxonomy":"post_tag","embeddable":true,"href":"https:\/\/sertv.gob.pa\/crisolfm\/wp-json\/wp\/v2\/tags?post=34059"}],"curies":[{"name":"wp","href":"https:\/\/api.w.org\/{rel}","templated":true}]}}