{"id":34098,"date":"2020-10-19T15:23:50","date_gmt":"2020-10-19T15:23:50","guid":{"rendered":"https:\/\/sertv.gob.pa\/crisolfm\/?p=34098"},"modified":"2020-10-19T15:23:50","modified_gmt":"2020-10-19T15:23:50","slug":"amartya-sen-recibe-el-premio-aleman-de-la-paz-bajo-la-sombra-de-la-pandemia","status":"publish","type":"post","link":"https:\/\/sertv.gob.pa\/crisolfm\/amartya-sen-recibe-el-premio-aleman-de-la-paz-bajo-la-sombra-de-la-pandemia\/","title":{"rendered":"Amartya Sen recibe el premio alem\u00e1n de la paz bajo la sombra de la pandemia"},"content":{"rendered":"<p>El economista y fil\u00f3sofo indio Amartya Sen recibi\u00f3 este domingo el Premio de la Paz de los Libreros Alemanes en una ceremonia que estuvo bajo la sombra de la pandemia, con el galardonado a kil\u00f3metros de distancia conectado por teleconferencia y la sala casi vac\u00eda.<\/p>\n<p>\u00abLa sala desangela, el galardonado en otro continente y el presidente alem\u00e1n, encargado, de la laudatio en cuarentena. No son tiempos de normalidad\u00bb, empez\u00f3 el discurso del presidente Frank Walter Steinmeier, le\u00eddo por el actor Burghardt Klaussner.<\/p>\n<p>Steinmeier est\u00e1 en cuarentena desde el s\u00e1bado debido a un positivo de coronavirus de uno de sus guardaespaldas. Sen, tambi\u00e9n Premio Nobel de Econom\u00eda, sigui\u00f3 la ceremonia desde Boston.<\/p>\n<p>Seg\u00fan Steinmeier, Sen, que ha dedicado gran parte de su obra al problema de la b\u00fasqueda de una justicia global, es un galardonado apropiado para tiempos como los actuales en los que la pandemia pandemia amenaza con agravar las desigualdades-<\/p>\n<p>\u00abLa pandemia afecta a todos pero no a todos por igual y un reto que tendremos ser\u00e1 el de la distribuci\u00f3n justa de una futura vacuna\u00bb, dijo el presidente alem\u00e1n.<\/p>\n<p>Sen, en su discurso, habl\u00f3 de otra pandemia que seg\u00fan \u00e9l tambi\u00e9n afecta el mundo actualmente y que \u00e9l llam\u00f3 la \u00abpandemia del autoritarismo y la autorqu\u00eda\u00bb para la que cit\u00f3 como ejemplos a su propio pa\u00eds, a EEUU, a Polonia, a Hungr\u00eda, a Filipinas y a Brasil.<\/p>\n<p>Como ant\u00eddoto contra esa pandemia Sen de dio gran importancia a la defensa de la libertad de opini\u00f3n y a la discusi\u00f3n p\u00fablica.<\/p>\n<p>Sen empez\u00f3 su discurso manifestando su alegr\u00eda de que se la haya dado un premio relacionado con el mundo del libro, de la lectura y de la escritura que \u00e9l siente como algo fundamental en su biograf\u00eda.<\/p>\n<p>\u00abMi vida ser\u00eda m\u00e1s pobre si desde ni\u00f1o no hubiera tenido la tendencia a leer todo lo que me ca\u00eda en las manos. Los libros nos ayudan no solo a entender el mundo sino a discutir\u00bb, dijo.<\/p>\n<p>Luego cit\u00f3 al fil\u00f3sofo Emmanuel Kant quien dec\u00eda que la posibilidad de discutir y debatir era algo que suele ser reprimido por diversas autoridades.<\/p>\n<p>\u00abNo discutas, haz las maniobras, dice el ej\u00e9rcito. No discutas, paga, dice la administraci\u00f3n de impuestos. No discutas, cree, dice la religi\u00f3n\u00bb, dijo Sen parafraseando a Kant.<\/p>\n<p>Seg\u00fan Sen, lamentablemente la represi\u00f3n de la libertad de opini\u00f3n no es algo que pertenezca solo al pasado y actual hay desarrollos \u00aben Asia, en Europa, en Am\u00e9rica Latina y en EEUU que dan motivos de preocupaci\u00f3n\u00bb.<\/p>\n<p>Con respecto a la India -pa\u00eds al que dedic\u00f3 la mayor parte del discurso- Sen atac\u00f3 al Gobierno actual del que dijo que se ha apropiado el derecho de definir a alguien como enemigo de la naci\u00f3n o incluso como terrorista sin motivos concretos.<\/p>\n<p>\u00abCreo que se trata de una confusi\u00f3n de conceptos. Estar contra el Gobierno y estar contra la naci\u00f3n son cosas distintas\u00bb, dijo.<\/p>\n<p>Tambi\u00e9n critic\u00f3 los intentos del nacionalismo hind\u00fa de querer definir el hinduismo como \u00fanico pilar de la naci\u00f3n india y tratar de minimizar o borrar los aportes musulmanes.<\/p>\n<p>Seg\u00fan Sen, aunque Mahatma Gandhi y Rabindranaht Tagore, Premio Nobel de Literatura en 1913, eran hind\u00faes no negaban que la India era un pa\u00eds pluricultural y plurireligioso-<\/p>\n<p>Ahora en cambio, agreg\u00f3, \u00ablos libros escolares se reescriben con tendencia revisionista para minimizar o negar los aportes de los musulmanes\u00bb.<\/p>\n<p>Sen se refiri\u00f3 tambi\u00e9n, aunque marginalmente, a lo que el ve como tendencias autoritarias en Hungr\u00eda y Polonia y este \u00faltimo pa\u00eds se refiri\u00f3 ante todo a la discriminaci\u00f3n de homosexuales, as\u00ed como el recrudecimiento de los problemas raciales en EEUU.<\/p>\n<p>\u00abTenemos que preocuparnos no solo por nuestro propio pa\u00eds sino por todos los pa\u00edses de mundo. Como dec\u00eda Martin Luther King si en alguno lugar ocurre algo injusto es la justicia la que est\u00e1 siendo atacada\u00bb, dijo.<\/p>\n<p>Sen advirti\u00f3 que la defensa del libre debate es importante tambi\u00e9n para las posibilidades de avanzar hacia una justicia global.<\/p>\n<p>El Premio de la Paz de los Libreros Alemanes se entrega todos los a\u00f1os el \u00faltimo d\u00eda de la Feria del Libro de Fr\u00e1ncfort en la iglesia de San Pablo.<\/p>\n<p>Fuente:\u00a0 EFE<\/p>\n","protected":false},"excerpt":{"rendered":"<p>El economista y fil\u00f3sofo indio Amartya Sen recibi\u00f3 este domingo <a href=\"https:\/\/sertv.gob.pa\/crisolfm\/amartya-sen-recibe-el-premio-aleman-de-la-paz-bajo-la-sombra-de-la-pandemia\/\"> [&#8230;]<\/a><\/p>\n","protected":false},"author":64,"featured_media":34099,"comment_status":"closed","ping_status":"closed","sticky":false,"template":"","format":"standard","meta":{"footnotes":""},"categories":[6],"tags":[],"class_list":["post-34098","post","type-post","status-publish","format-standard","has-post-thumbnail","hentry","category-culturales"],"_links":{"self":[{"href":"https:\/\/sertv.gob.pa\/crisolfm\/wp-json\/wp\/v2\/posts\/34098","targetHints":{"allow":["GET"]}}],"collection":[{"href":"https:\/\/sertv.gob.pa\/crisolfm\/wp-json\/wp\/v2\/posts"}],"about":[{"href":"https:\/\/sertv.gob.pa\/crisolfm\/wp-json\/wp\/v2\/types\/post"}],"author":[{"embeddable":true,"href":"https:\/\/sertv.gob.pa\/crisolfm\/wp-json\/wp\/v2\/users\/64"}],"replies":[{"embeddable":true,"href":"https:\/\/sertv.gob.pa\/crisolfm\/wp-json\/wp\/v2\/comments?post=34098"}],"version-history":[{"count":1,"href":"https:\/\/sertv.gob.pa\/crisolfm\/wp-json\/wp\/v2\/posts\/34098\/revisions"}],"predecessor-version":[{"id":34100,"href":"https:\/\/sertv.gob.pa\/crisolfm\/wp-json\/wp\/v2\/posts\/34098\/revisions\/34100"}],"wp:featuredmedia":[{"embeddable":true,"href":"https:\/\/sertv.gob.pa\/crisolfm\/wp-json\/wp\/v2\/media\/34099"}],"wp:attachment":[{"href":"https:\/\/sertv.gob.pa\/crisolfm\/wp-json\/wp\/v2\/media?parent=34098"}],"wp:term":[{"taxonomy":"category","embeddable":true,"href":"https:\/\/sertv.gob.pa\/crisolfm\/wp-json\/wp\/v2\/categories?post=34098"},{"taxonomy":"post_tag","embeddable":true,"href":"https:\/\/sertv.gob.pa\/crisolfm\/wp-json\/wp\/v2\/tags?post=34098"}],"curies":[{"name":"wp","href":"https:\/\/api.w.org\/{rel}","templated":true}]}}