{"id":34108,"date":"2020-10-19T16:24:37","date_gmt":"2020-10-19T16:24:37","guid":{"rendered":"https:\/\/sertv.gob.pa\/crisolfm\/?p=34108"},"modified":"2020-10-19T16:24:37","modified_gmt":"2020-10-19T16:24:37","slug":"muere-el-artista-y-disenador-italiano-enzo-mari-a-los-88-anos","status":"publish","type":"post","link":"https:\/\/sertv.gob.pa\/crisolfm\/muere-el-artista-y-disenador-italiano-enzo-mari-a-los-88-anos\/","title":{"rendered":"Muere el artista y dise\u00f1ador italiano Enzo Mari a los 88 a\u00f1os"},"content":{"rendered":"<p>El dise\u00f1ador y artista italiano Enzo Mari ha fallecido en Mil\u00e1n (norte) a los 88 a\u00f1os, seg\u00fan anunci\u00f3 hoy en las redes sociales el presidente del museo del Trienal milan\u00e9s, donde el artista protagonizaba una exposici\u00f3n dedicada a 60 a\u00f1os de carrera.<\/p>\n<p>\u00abCiao Enzo. Te vas como un gigante\u00bb, escribi\u00f3 en las redes el arquitecto Stefano Boeri, director del Trienal.<\/p>\n<p>La prensa local no recoge la causa de su muerte, pero informa de que estaba ingresado desde hace unos d\u00edas en el hospital de San Raffaelle de la capital lombarda.<\/p>\n<p>Nacido en Cerano (norte) en 1932, aunque siempre vivi\u00f3 en Mil\u00e1n, Mari era un firme defensor de la expresi\u00f3n art\u00edstica en el dise\u00f1o frente a la t\u00e9cnica, y estaba considerado como uno de los dise\u00f1adores m\u00e1s innovadores de la segunda mitad del siglo XX.<\/p>\n<p>Recibi\u00f3 el premio Internacional de Barcelona Dise\u00f1o en 1997, y creci\u00f3 con la mirada puesta en la Mil\u00e1n de la posguerra: \u00abun crisol de naciones y de ideas donde todo el mundo quer\u00eda construir una ciudad y una cultura nuevas\u00bb, como el artista la describi\u00f3 en una conferencia en el Istituto Europeo di Design de Madrid en el 2000.<\/p>\n<p>Como \u00abun artista de fama mundial, creador de iconos legendarios\u00bb lo defini\u00f3 en Twitter Giuseppe Sala, alcalde de Mil\u00e1n.<\/p>\n<p>Recordaba tambi\u00e9n c\u00f3mo Mari se alz\u00f3 en cinco ocasiones con el \u00abCompasso D&#8217;Oro\u00bb (la \u00faltima en 2011 como reconocimiento a su carrera), el premio m\u00e1s importante en el campo dise\u00f1o industrial.<\/p>\n<p>Mari asisti\u00f3 a la Academia Brera de Bellas Artes de la capital lombarda para formarse en literatura y arte, tras lo que comenzar\u00eda su empe\u00f1o en el dise\u00f1o industrial.<\/p>\n<p>En 1957 present\u00f3 su primer proyecto, \u00ab16 animali\u00bb (un rompecabezas de madera) al fabricante de muebles milan\u00e9s \u00abDanese\u00bb.<\/p>\n<p>Desde los a\u00f1os 60 imparti\u00f3 clases en distintas instituciones, como la Universidad de Parma, la Academia Carrara, el Polit\u00e9cnico de Mil\u00e1n, el Isia de Florencia, la Universidad de Bellas Artes de Berl\u00edn o la de Artes Aplicadas de Viena.<\/p>\n<p>Sus obras se exponen en los museos m\u00e1s importantes del mundo, como la Galer\u00eda Nacional de Arte Moderno de Roma, el MOMA de Nueva York o el museo de la Trienal de Mil\u00e1n.<\/p>\n<p>El 17 de octubre pasado esta instituci\u00f3n abr\u00eda las puertas de la exposici\u00f3n \u00abEnzo Mari comisariada por Hans Ulrich Obrist\u00bb, y la supervisi\u00f3n hist\u00f3rica de Francesca Giacomelli, con obras que relatan m\u00e1s de 60 a\u00f1os de actividad del dise\u00f1o.<\/p>\n<p>Ulrich lo calific\u00f3 en el acto inaugural como un \u00abLeonardo moderno\u00bb, cuyos iconos podr\u00e1n visitarse hasta el 18 de abril de 2021.<\/p>\n<p>&nbsp;<\/p>\n<p>Fuente:\u00a0\u00a0 EFE<\/p>\n<p>&nbsp;<\/p>\n","protected":false},"excerpt":{"rendered":"<p>El dise\u00f1ador y artista italiano Enzo Mari ha fallecido en <a href=\"https:\/\/sertv.gob.pa\/crisolfm\/muere-el-artista-y-disenador-italiano-enzo-mari-a-los-88-anos\/\"> [&#8230;]<\/a><\/p>\n","protected":false},"author":64,"featured_media":34109,"comment_status":"closed","ping_status":"closed","sticky":false,"template":"","format":"standard","meta":{"footnotes":""},"categories":[6],"tags":[],"class_list":["post-34108","post","type-post","status-publish","format-standard","has-post-thumbnail","hentry","category-culturales"],"_links":{"self":[{"href":"https:\/\/sertv.gob.pa\/crisolfm\/wp-json\/wp\/v2\/posts\/34108","targetHints":{"allow":["GET"]}}],"collection":[{"href":"https:\/\/sertv.gob.pa\/crisolfm\/wp-json\/wp\/v2\/posts"}],"about":[{"href":"https:\/\/sertv.gob.pa\/crisolfm\/wp-json\/wp\/v2\/types\/post"}],"author":[{"embeddable":true,"href":"https:\/\/sertv.gob.pa\/crisolfm\/wp-json\/wp\/v2\/users\/64"}],"replies":[{"embeddable":true,"href":"https:\/\/sertv.gob.pa\/crisolfm\/wp-json\/wp\/v2\/comments?post=34108"}],"version-history":[{"count":1,"href":"https:\/\/sertv.gob.pa\/crisolfm\/wp-json\/wp\/v2\/posts\/34108\/revisions"}],"predecessor-version":[{"id":34113,"href":"https:\/\/sertv.gob.pa\/crisolfm\/wp-json\/wp\/v2\/posts\/34108\/revisions\/34113"}],"wp:featuredmedia":[{"embeddable":true,"href":"https:\/\/sertv.gob.pa\/crisolfm\/wp-json\/wp\/v2\/media\/34109"}],"wp:attachment":[{"href":"https:\/\/sertv.gob.pa\/crisolfm\/wp-json\/wp\/v2\/media?parent=34108"}],"wp:term":[{"taxonomy":"category","embeddable":true,"href":"https:\/\/sertv.gob.pa\/crisolfm\/wp-json\/wp\/v2\/categories?post=34108"},{"taxonomy":"post_tag","embeddable":true,"href":"https:\/\/sertv.gob.pa\/crisolfm\/wp-json\/wp\/v2\/tags?post=34108"}],"curies":[{"name":"wp","href":"https:\/\/api.w.org\/{rel}","templated":true}]}}