{"id":34158,"date":"2020-10-20T15:25:40","date_gmt":"2020-10-20T15:25:40","guid":{"rendered":"https:\/\/sertv.gob.pa\/crisolfm\/?p=34158"},"modified":"2020-10-20T15:25:40","modified_gmt":"2020-10-20T15:25:40","slug":"festival-de-cine-frances-celebra-su-relacion-con-mexico-con-siete-peliculas","status":"publish","type":"post","link":"https:\/\/sertv.gob.pa\/crisolfm\/festival-de-cine-frances-celebra-su-relacion-con-mexico-con-siete-peliculas\/","title":{"rendered":"Festival de Cine Franc\u00e9s celebra su relaci\u00f3n con M\u00e9xico con siete pel\u00edculas"},"content":{"rendered":"<p>El Festival de Cine Franc\u00e9s se mantiene en pie a su paso por M\u00e9xico a pesar de las adversidades que ha vivido la industria del entretenimiento por la pandemia del coronavirus SARS-CoV-2, con siete pel\u00edculas que se proyectar\u00e1n en salas de este pa\u00eds.<\/p>\n<p>Seg\u00fan dijo a Efe Sof\u00eda Llorente, vocera del festival, las dos semanas en las que el encuentro de cine se ha llevado a cabo ha tenido una gran recepci\u00f3n por parte del p\u00fablico, a\u00fan tomando en cuenta las normas del 30 % de capacidad que los recintos cinematogr\u00e1ficos han tenido que acatar como protocolos de salud dictados por las autoridades durante esta pandemia.<\/p>\n<p>La selecci\u00f3n de este a\u00f1o cuenta con siete pel\u00edculas que van de la comedia, el drama y el romance, al misterio y la fantas\u00eda.<\/p>\n<p>Se trata de una selecta elecci\u00f3n de pel\u00edculas francesas recientes pensadas para el disfrute de toda la familia, detall\u00f3 Sof\u00eda.<\/p>\n<p>\u00abLa Belle \u00c9poque\u00bb (2019), del director Nicolas Bedot; \u00abLos Iluminados\u00bb (2019), de Sarah Suco; \u00abMi perro Tonto\u00bb (2019), protagonizada por Charlotte Gainsbourg e Yvan Attal, tambi\u00e9n director de la pel\u00edcula, entre otros cuatro t\u00edtulos m\u00e1s, ser\u00e1n las pel\u00edculas encargadas de representar al cine franc\u00e9s en esta edici\u00f3n n\u00famero 24.<\/p>\n<p>\u00abLa relaci\u00f3n entre M\u00e9xico y Francia es bastante fuerte y estrecha desde hace muchos a\u00f1os, desde antes del tour incluso, y hoy m\u00e1s que nunca a trav\u00e9s del cine, hay mexicanos ganando premios en festivales como el de Cannes, adem\u00e1s el p\u00fablico en el pa\u00eds cada vez m\u00e1s busca el cine franc\u00e9s\u00bb, declar\u00f3 la vocera.<\/p>\n<p>Desde su punto de vista, los 300.000 espectadores que fueron rebasados en el 2019 dan una muestra de que a \u00abM\u00e9xico le gusta el cine franc\u00e9s\u00bb.<\/p>\n<p>Aunque no hay un mensaje general en torno a esta edici\u00f3n en cuanto a contenido, la vocera tambi\u00e9n mencion\u00f3 la importancia de haber llevado a cabo el encuentro de forma presencial.<\/p>\n<p>Los t\u00edtulos son proyectados en los circuitos de Cinep\u00f3lis y diversos recintos culturales que han reabierto sus puertas como La Cineteca Nacional.<\/p>\n<p>\u00abNos aproximamos al cuarto de siglo desde un punto de vista positivo. A pesar de las circunstancias mantuvimos el festival y que estemos en las salas de cine nos pone muy contentos\u00bb, apunta Llorente.<\/p>\n<p>Cada pel\u00edcula ser\u00e1 proyectada en salas de dos a tres semanas y llegar\u00e1n a 73 ciudades de la Rep\u00fablica Mexicana y Centroam\u00e9rica.<\/p>\n<p>&nbsp;<\/p>\n<p>Fuente:\u00a0 EFE<\/p>\n<p>&nbsp;<\/p>\n","protected":false},"excerpt":{"rendered":"<p>El Festival de Cine Franc\u00e9s se mantiene en pie a <a href=\"https:\/\/sertv.gob.pa\/crisolfm\/festival-de-cine-frances-celebra-su-relacion-con-mexico-con-siete-peliculas\/\"> [&#8230;]<\/a><\/p>\n","protected":false},"author":64,"featured_media":34159,"comment_status":"closed","ping_status":"closed","sticky":false,"template":"","format":"standard","meta":{"footnotes":""},"categories":[6],"tags":[],"class_list":["post-34158","post","type-post","status-publish","format-standard","has-post-thumbnail","hentry","category-culturales"],"_links":{"self":[{"href":"https:\/\/sertv.gob.pa\/crisolfm\/wp-json\/wp\/v2\/posts\/34158","targetHints":{"allow":["GET"]}}],"collection":[{"href":"https:\/\/sertv.gob.pa\/crisolfm\/wp-json\/wp\/v2\/posts"}],"about":[{"href":"https:\/\/sertv.gob.pa\/crisolfm\/wp-json\/wp\/v2\/types\/post"}],"author":[{"embeddable":true,"href":"https:\/\/sertv.gob.pa\/crisolfm\/wp-json\/wp\/v2\/users\/64"}],"replies":[{"embeddable":true,"href":"https:\/\/sertv.gob.pa\/crisolfm\/wp-json\/wp\/v2\/comments?post=34158"}],"version-history":[{"count":1,"href":"https:\/\/sertv.gob.pa\/crisolfm\/wp-json\/wp\/v2\/posts\/34158\/revisions"}],"predecessor-version":[{"id":34160,"href":"https:\/\/sertv.gob.pa\/crisolfm\/wp-json\/wp\/v2\/posts\/34158\/revisions\/34160"}],"wp:featuredmedia":[{"embeddable":true,"href":"https:\/\/sertv.gob.pa\/crisolfm\/wp-json\/wp\/v2\/media\/34159"}],"wp:attachment":[{"href":"https:\/\/sertv.gob.pa\/crisolfm\/wp-json\/wp\/v2\/media?parent=34158"}],"wp:term":[{"taxonomy":"category","embeddable":true,"href":"https:\/\/sertv.gob.pa\/crisolfm\/wp-json\/wp\/v2\/categories?post=34158"},{"taxonomy":"post_tag","embeddable":true,"href":"https:\/\/sertv.gob.pa\/crisolfm\/wp-json\/wp\/v2\/tags?post=34158"}],"curies":[{"name":"wp","href":"https:\/\/api.w.org\/{rel}","templated":true}]}}