{"id":34162,"date":"2020-10-20T15:54:27","date_gmt":"2020-10-20T15:54:27","guid":{"rendered":"https:\/\/sertv.gob.pa\/crisolfm\/?p=34162"},"modified":"2020-10-20T15:54:27","modified_gmt":"2020-10-20T15:54:27","slug":"robo-o-terrorismo-la-unesco-muestra-la-cara-oculta-de-la-venta-ilegal-de-arte","status":"publish","type":"post","link":"https:\/\/sertv.gob.pa\/crisolfm\/robo-o-terrorismo-la-unesco-muestra-la-cara-oculta-de-la-venta-ilegal-de-arte\/","title":{"rendered":"Robo o terrorismo: la Unesco muestra la cara oculta de la venta ilegal de arte"},"content":{"rendered":"<p>Detr\u00e1s del tr\u00e1fico il\u00edcito de bienes culturales se esconde en muchos casos una actividad altamente organizada que financia el terrorismo o se nutre de excavaciones ilegales, se\u00f1al\u00f3 este martes la Unesco, que lanza una campa\u00f1a internacional para revelar la cara oculta de esos objetos.<\/p>\n<p>Su iniciativa \u00abEl verdadero precio del arte\u00bb quiere sensibilizar al p\u00fablico sobre un comercio que representa unos 10.000 millones de d\u00f3lares anuales (8.500 millones de euros) y que procede tambi\u00e9n a veces de robos en museos destruidos por la guerra.<\/p>\n<p>La Organizaci\u00f3n de las Naciones Unidas para la Educaci\u00f3n, la Ciencia y la Cultura (Unesco) advierte por ejemplo de que el comercio de antig\u00fcedades es una de las principales fuentes de financiaci\u00f3n del grupo terrorista Estado Isl\u00e1mico (EI).<\/p>\n<p>Sus im\u00e1genes muestran esas piezas il\u00edcitas en salones o casas de hipot\u00e9ticos compradores.<\/p>\n<p>\u00abEl arte no conoce fronteras. El crimen organizado tampoco\u00bb, dice sobre una vasija peruana de los siglos IV-VI d.C., que, gracias a dos intermediarios, cruz\u00f3 Costa Rica y Florida antes de ser adquirida por un experto en arte que posteriormente la puso en venta en una casa de subastas.<\/p>\n<p>La Unesco ilustra su campa\u00f1a tambi\u00e9n con un relieve funerario de Palmira del a\u00f1o 50-150 d.C., robado en el Museo Nacional de esa ciudad siria por militantes del EI durante su ocupaci\u00f3n, antes de entrar como contrabando en el mercado europeo.<\/p>\n<p>\u00abEl tr\u00e1fico il\u00edcito constituye un robo caracterizado de la memoria de los pueblos. Despertar conciencias y llamar a la m\u00e1s extrema vigilancia son labores necesarias para luchar contra esta realidad, todav\u00eda demasiado subestimada\u00bb, subray\u00f3 en un comunicado la directora general del organismo, Audrey Azoulay.<\/p>\n<p>Esta campa\u00f1a marca el 50 aniversario de la Convenci\u00f3n de la UNESCO sobre las medidas que deben adoptarse para prohibir e impedir la Importaci\u00f3n, la Exportaci\u00f3n y la Transferencia de Propiedad Il\u00edcitas de Bienes Culturales, adoptada en 1970.<\/p>\n<p>Ese acuerdo proporciona un marco internacional para la prevenci\u00f3n del robo y el saqueo y para la restituci\u00f3n y el retorno de los bienes culturales robados, y est\u00e1 considerado como el primer instrumento jur\u00eddico internacional para la protecci\u00f3n de los bienes culturales en tiempos de paz.<\/p>\n<p>&nbsp;<\/p>\n<p>Fuente:\u00a0 EFE<\/p>\n<p>&nbsp;<\/p>\n<p>&nbsp;<\/p>\n","protected":false},"excerpt":{"rendered":"<p>Detr\u00e1s del tr\u00e1fico il\u00edcito de bienes culturales se esconde en <a href=\"https:\/\/sertv.gob.pa\/crisolfm\/robo-o-terrorismo-la-unesco-muestra-la-cara-oculta-de-la-venta-ilegal-de-arte\/\"> [&#8230;]<\/a><\/p>\n","protected":false},"author":64,"featured_media":34163,"comment_status":"closed","ping_status":"closed","sticky":false,"template":"","format":"standard","meta":{"footnotes":""},"categories":[6],"tags":[],"class_list":["post-34162","post","type-post","status-publish","format-standard","has-post-thumbnail","hentry","category-culturales"],"_links":{"self":[{"href":"https:\/\/sertv.gob.pa\/crisolfm\/wp-json\/wp\/v2\/posts\/34162","targetHints":{"allow":["GET"]}}],"collection":[{"href":"https:\/\/sertv.gob.pa\/crisolfm\/wp-json\/wp\/v2\/posts"}],"about":[{"href":"https:\/\/sertv.gob.pa\/crisolfm\/wp-json\/wp\/v2\/types\/post"}],"author":[{"embeddable":true,"href":"https:\/\/sertv.gob.pa\/crisolfm\/wp-json\/wp\/v2\/users\/64"}],"replies":[{"embeddable":true,"href":"https:\/\/sertv.gob.pa\/crisolfm\/wp-json\/wp\/v2\/comments?post=34162"}],"version-history":[{"count":1,"href":"https:\/\/sertv.gob.pa\/crisolfm\/wp-json\/wp\/v2\/posts\/34162\/revisions"}],"predecessor-version":[{"id":34164,"href":"https:\/\/sertv.gob.pa\/crisolfm\/wp-json\/wp\/v2\/posts\/34162\/revisions\/34164"}],"wp:featuredmedia":[{"embeddable":true,"href":"https:\/\/sertv.gob.pa\/crisolfm\/wp-json\/wp\/v2\/media\/34163"}],"wp:attachment":[{"href":"https:\/\/sertv.gob.pa\/crisolfm\/wp-json\/wp\/v2\/media?parent=34162"}],"wp:term":[{"taxonomy":"category","embeddable":true,"href":"https:\/\/sertv.gob.pa\/crisolfm\/wp-json\/wp\/v2\/categories?post=34162"},{"taxonomy":"post_tag","embeddable":true,"href":"https:\/\/sertv.gob.pa\/crisolfm\/wp-json\/wp\/v2\/tags?post=34162"}],"curies":[{"name":"wp","href":"https:\/\/api.w.org\/{rel}","templated":true}]}}