{"id":34178,"date":"2020-10-20T17:52:50","date_gmt":"2020-10-20T17:52:50","guid":{"rendered":"https:\/\/sertv.gob.pa\/crisolfm\/?p=34178"},"modified":"2020-10-20T17:52:50","modified_gmt":"2020-10-20T17:52:50","slug":"matisse-un-brochazo-de-alegria-en-el-pompidou","status":"publish","type":"post","link":"https:\/\/sertv.gob.pa\/crisolfm\/matisse-un-brochazo-de-alegria-en-el-pompidou\/","title":{"rendered":"Matisse, un brochazo de alegr\u00eda en el Pompidou"},"content":{"rendered":"<p>El Centro Pompidou ha encontrado en Par\u00eds una forma de escapar a los cielos grises y el ambiente deca\u00eddo que reina este a\u00f1o con una amplia retrospectiva de Henri Matisse, que abre sus puertas este mi\u00e9rcoles y confirma al c\u00e9lebre pintor franc\u00e9s como un maestro de la alegr\u00eda.<\/p>\n<p>Sus fondos rojos, sus decorad\u00edsimas naturalezas muertas y sus desnudos orientalistas no son el secreto de la felicidad de esta figura clave del siglo XX, sino la forma que tom\u00f3 su investigaci\u00f3n pict\u00f3rica, con la que consigui\u00f3 a la vez esconder su ansiedad y ensanchar el espacio de sus lienzos.<\/p>\n<p>Tal vez por ello el p\u00fablico est\u00e1 acostumbrado a relacionar a Matisse con la alegr\u00eda y con los cuadros inmensos, que en realidad no lo eran tanto.<\/p>\n<p>\u00abTodo su arte ser\u00e1 el intento de esconder lo que era en realidad un trabajo intenso y laborioso. Con la idea de crear con la mayor econom\u00eda de medios y simplicidad, acabar\u00e1 por caracterizar su obra con esa idea de felicidad que le es propia y que, en mi opini\u00f3n, \u00e9l mismo reivindicaba\u00bb, dice a EFE la comisaria, Aur\u00e9lie Verdier.<\/p>\n<p>La exposici\u00f3n, que deb\u00eda haberse celebrado en mayo pero tuvo que ser pospuesta por el confinamiento, busca tambi\u00e9n unirse a los festejos por el 150 aniversario del nacimiento de Matisse (Le Cateau-Cambr\u00e9sis 1869 &#8211; Niza, 1954) mostrando una de las mayores colecciones sobre el artista.<\/p>\n<p>\u00abLa danza\u00bb, \u00abLa alegr\u00eda de vivir\u00bb, \u00abInterior con berenjenas\u00bb, \u00abLas tres hermanas\u00bb, \u00abLa blusa rumana\u00bb o \u00abLa tristeza del rey\u00bb, pero tambi\u00e9n sus retratos, autorretratos, dibujos e incluso vidrieras se exhiben en el Pompidou hasta el pr\u00f3ximo 22 de febrero.<\/p>\n<p>En total, 230 obras y m\u00e1s de 70 documentos y archivos que recuperan m\u00e1s de cinco d\u00e9cadas de trabajo, desde sus tard\u00edos inicios como pintor en los a\u00f1os 1890 hasta poco antes de morir.<\/p>\n<p>UNA OCASI\u00d3N \u00daNICA<\/p>\n<p>Muchos de esos lienzos y documentos, procedentes de distintos museos de Francia y el extranjero, permanecen normalmente ocultos en los archivos del Pompidou por su extrema fragilidad. Es por tanto una exhibici\u00f3n \u00fanica para los admiradores del pintor.<\/p>\n<p>\u00abEl visitante descubrir\u00e1 toda la dimensi\u00f3n, las t\u00e9cnicas adoptadas por Matisse, por supuesto la pintura pero tambi\u00e9n el dibujo, capital para \u00e9l, la escultura, menos conocida, y los grandes collage recortados que fueron para \u00e9l la forma de unir dibujo y color, dibujo y pintura\u00bb, explica Verdier.<\/p>\n<p>\u00abMatisse, comme un roman\u00bb (\u00abMatisse, como una novela\u00bb, en espa\u00f1ol) est\u00e1 narrada desde una perspectiva literaria en un homenaje tambi\u00e9n al libro ilustrado que el poeta franc\u00e9s Louis Aragon le dedic\u00f3 en 1971: \u00abHenri Matisse, roman\u00bb.<\/p>\n<p>Cada sala descubre una fase de la obra de Matisse desde la pluma de cr\u00edticos y escritores como Georges Duthuit, Dominique Fourcade, Clement Greenberg, Charles Lewis Hind o el propio pintor que, seg\u00fan Verdier, era capaz de explicar su obra como nadie.<\/p>\n<p>\u00abAbordar la exposici\u00f3n desde esta dimensi\u00f3n me ha permitido estudiar los enlaces entre las distintas escrituras de Matisse: la pl\u00e1stica y la de las palabras, como hizo \u00e9l en el libro &#8216;Jazz&#8217;, que articula texto e imagen y habla muy bien de qui\u00e9n es\u00bb, a\u00f1ade la comisaria.<\/p>\n<p>Asociado al fauvismo en un primer momento, el artista destac\u00f3 como un libre pensador durante toda su vida y nunca dej\u00f3 de buscar nuevas formas de expresi\u00f3n, como muestran las vidrieras a partir de papeles recortados que fabric\u00f3 en sus \u00faltimos a\u00f1os para la capilla del Rosario de Vence.<\/p>\n<p>Despu\u00e9s de una operaci\u00f3n grave en 1941, que lo dej\u00f3 al borde de la muerte, su situaci\u00f3n f\u00edsica no le permit\u00eda pintar con tanta soltura: las tijeras se convirtieron en el pincel con el que dibujar\u00eda la \u00faltima etapa de su carrera.<\/p>\n<p>Los bocetos a escala construidos para esa capilla del sureste franc\u00e9s, expuestos tambi\u00e9n en el Pompidou, son el reflejo m\u00e1s claro del empe\u00f1o de una vida: encontrar en el color la vitalidad para las horas m\u00e1s dif\u00edciles.<\/p>\n<p>&nbsp;<\/p>\n<p>Fuente:\u00a0\u00a0 EFE<\/p>\n<p>&nbsp;<\/p>\n","protected":false},"excerpt":{"rendered":"<p>El Centro Pompidou ha encontrado en Par\u00eds una forma de <a href=\"https:\/\/sertv.gob.pa\/crisolfm\/matisse-un-brochazo-de-alegria-en-el-pompidou\/\"> [&#8230;]<\/a><\/p>\n","protected":false},"author":64,"featured_media":34180,"comment_status":"closed","ping_status":"closed","sticky":false,"template":"","format":"standard","meta":{"footnotes":""},"categories":[6],"tags":[],"class_list":["post-34178","post","type-post","status-publish","format-standard","has-post-thumbnail","hentry","category-culturales"],"_links":{"self":[{"href":"https:\/\/sertv.gob.pa\/crisolfm\/wp-json\/wp\/v2\/posts\/34178","targetHints":{"allow":["GET"]}}],"collection":[{"href":"https:\/\/sertv.gob.pa\/crisolfm\/wp-json\/wp\/v2\/posts"}],"about":[{"href":"https:\/\/sertv.gob.pa\/crisolfm\/wp-json\/wp\/v2\/types\/post"}],"author":[{"embeddable":true,"href":"https:\/\/sertv.gob.pa\/crisolfm\/wp-json\/wp\/v2\/users\/64"}],"replies":[{"embeddable":true,"href":"https:\/\/sertv.gob.pa\/crisolfm\/wp-json\/wp\/v2\/comments?post=34178"}],"version-history":[{"count":1,"href":"https:\/\/sertv.gob.pa\/crisolfm\/wp-json\/wp\/v2\/posts\/34178\/revisions"}],"predecessor-version":[{"id":34181,"href":"https:\/\/sertv.gob.pa\/crisolfm\/wp-json\/wp\/v2\/posts\/34178\/revisions\/34181"}],"wp:featuredmedia":[{"embeddable":true,"href":"https:\/\/sertv.gob.pa\/crisolfm\/wp-json\/wp\/v2\/media\/34180"}],"wp:attachment":[{"href":"https:\/\/sertv.gob.pa\/crisolfm\/wp-json\/wp\/v2\/media?parent=34178"}],"wp:term":[{"taxonomy":"category","embeddable":true,"href":"https:\/\/sertv.gob.pa\/crisolfm\/wp-json\/wp\/v2\/categories?post=34178"},{"taxonomy":"post_tag","embeddable":true,"href":"https:\/\/sertv.gob.pa\/crisolfm\/wp-json\/wp\/v2\/tags?post=34178"}],"curies":[{"name":"wp","href":"https:\/\/api.w.org\/{rel}","templated":true}]}}