{"id":34243,"date":"2020-10-21T17:55:35","date_gmt":"2020-10-21T17:55:35","guid":{"rendered":"https:\/\/sertv.gob.pa\/crisolfm\/?p=34243"},"modified":"2020-10-21T17:55:35","modified_gmt":"2020-10-21T17:55:35","slug":"dieciseis-titulos-competiran-por-el-goya-a-mejor-pelicula-iberoamericana","status":"publish","type":"post","link":"https:\/\/sertv.gob.pa\/crisolfm\/dieciseis-titulos-competiran-por-el-goya-a-mejor-pelicula-iberoamericana\/","title":{"rendered":"Diecis\u00e9is t\u00edtulos competir\u00e1n por el Goya a mejor pel\u00edcula iberoamericana"},"content":{"rendered":"<p>Diecis\u00e9is pel\u00edculas competir\u00e1n este a\u00f1o por el galard\u00f3n a la mejor pel\u00edcula iberoamericana en los pr\u00f3ximos Premios Goya, entre ellas la colombiana \u00abEl olvido que seremos\u00bb, la adaptaci\u00f3n de la novela de H\u00e9ctor Abad Faciolince que ha dirigido el espa\u00f1ol Fernando Trueba.<\/p>\n<p>Una cinta m\u00e1s que el a\u00f1o pasado, seg\u00fan ha destacado la Academia del Cine en un comunicado, en el que tambi\u00e9n anuncia que las diecis\u00e9is pel\u00edculas se proyectar\u00e1n en su sede de Madrid entre el 13 de noviembre y el 4 de diciembre, en sesiones abiertas tanto a los acad\u00e9micos como al p\u00fablico en general.<\/p>\n<p>La cinta de Trueba est\u00e1 protagonizada por Javier C\u00e1mara, que interpreta a H\u00e9ctor Abad G\u00f3mez, el padre de Faciolince, un m\u00e9dico y activista de derechos humanos que fue asesinado por grupos paramilitares.<\/p>\n<p>El thriller \u00abCr\u00edmenes de familia\u00bb de Sebasti\u00e1n Schindel, con Cecilia Roth y Miguel \u00c1ngel Sol\u00e1, es la representante de Argentina, y \u00abLa llorona\u00bb, un filme de Jayro Bustamante que ha recibido varios premios en festivales internacionales -entre ellos el de Venecia-, de Guatemala.<\/p>\n<p>Por Chile se presenta el documental \u00abEl agente Topo\u00bb, de Maite Alberdi, uno de los filmes m\u00e1s apreciados por el p\u00fablico en el \u00faltimo Festival de San Sebasti\u00e1n, tambi\u00e9n son cintas documentales las candidatas de Panam\u00e1, \u00abPanquiaco\u00bb, dirigida por Ana Elena Tejera y Per\u00fa, \u00abVolver a ver\u00bb, de Judith V\u00e9lez.<\/p>\n<p>La representante de M\u00e9xico es \u00abYa no estoy aqu\u00ed\u00bb, de Fernando Fr\u00edas; la de Cuba, \u00abBuscando a Casar\u00bb, de Jorge Luis S\u00e1nchez; de Bolivia, \u00abSanta Clara\u00bb, de Pedro Antonio Guti\u00e9rrez;, de Costa Rica, \u00abCeniza negra\u00bb, de Sof\u00eda Quir\u00f3s \u00dabeda; de Ecuador, \u00abMuerte en Berruecos\u00bb de Caupolic\u00e1n Ovalles, y de Paraguay, \u00abMatar a un muerto\u00bb de Hugo Gim\u00e9nez.<\/p>\n<p>Completan la lista las cintas seleccionadas por Portugal, \u00abMosquito\u00bb, de Joao Nuno Pinto; Rep\u00fablica Dominicana, \u00abMalpaso\u00bb, de H\u00e9ctor Manuel V\u00e1zquez; Uruguay, \u00abAlel\u00ed\u00bb, de Leticia Jorge Romero, y Venezuela, \u00abBlindado\u00bb, de Carlos Daniel Malav\u00e9.<\/p>\n<p>La 35 edici\u00f3n de los Premios Goya se celebrar\u00e1 en una gala en M\u00e1laga el 6 de marzo de 2021 y contar\u00e1 con Antonio Banderas y Mar\u00eda Casado como presentadores.<\/p>\n<p>&nbsp;<\/p>\n<p>Fuente:\u00a0 EFE<\/p>\n<p>&nbsp;<\/p>\n","protected":false},"excerpt":{"rendered":"<p>Diecis\u00e9is pel\u00edculas competir\u00e1n este a\u00f1o por el galard\u00f3n a la <a href=\"https:\/\/sertv.gob.pa\/crisolfm\/dieciseis-titulos-competiran-por-el-goya-a-mejor-pelicula-iberoamericana\/\"> [&#8230;]<\/a><\/p>\n","protected":false},"author":64,"featured_media":34244,"comment_status":"closed","ping_status":"closed","sticky":false,"template":"","format":"standard","meta":{"footnotes":""},"categories":[6],"tags":[],"class_list":["post-34243","post","type-post","status-publish","format-standard","has-post-thumbnail","hentry","category-culturales"],"_links":{"self":[{"href":"https:\/\/sertv.gob.pa\/crisolfm\/wp-json\/wp\/v2\/posts\/34243","targetHints":{"allow":["GET"]}}],"collection":[{"href":"https:\/\/sertv.gob.pa\/crisolfm\/wp-json\/wp\/v2\/posts"}],"about":[{"href":"https:\/\/sertv.gob.pa\/crisolfm\/wp-json\/wp\/v2\/types\/post"}],"author":[{"embeddable":true,"href":"https:\/\/sertv.gob.pa\/crisolfm\/wp-json\/wp\/v2\/users\/64"}],"replies":[{"embeddable":true,"href":"https:\/\/sertv.gob.pa\/crisolfm\/wp-json\/wp\/v2\/comments?post=34243"}],"version-history":[{"count":1,"href":"https:\/\/sertv.gob.pa\/crisolfm\/wp-json\/wp\/v2\/posts\/34243\/revisions"}],"predecessor-version":[{"id":34245,"href":"https:\/\/sertv.gob.pa\/crisolfm\/wp-json\/wp\/v2\/posts\/34243\/revisions\/34245"}],"wp:featuredmedia":[{"embeddable":true,"href":"https:\/\/sertv.gob.pa\/crisolfm\/wp-json\/wp\/v2\/media\/34244"}],"wp:attachment":[{"href":"https:\/\/sertv.gob.pa\/crisolfm\/wp-json\/wp\/v2\/media?parent=34243"}],"wp:term":[{"taxonomy":"category","embeddable":true,"href":"https:\/\/sertv.gob.pa\/crisolfm\/wp-json\/wp\/v2\/categories?post=34243"},{"taxonomy":"post_tag","embeddable":true,"href":"https:\/\/sertv.gob.pa\/crisolfm\/wp-json\/wp\/v2\/tags?post=34243"}],"curies":[{"name":"wp","href":"https:\/\/api.w.org\/{rel}","templated":true}]}}