{"id":34266,"date":"2020-10-22T13:51:08","date_gmt":"2020-10-22T13:51:08","guid":{"rendered":"https:\/\/sertv.gob.pa\/crisolfm\/?p=34266"},"modified":"2020-10-22T13:51:08","modified_gmt":"2020-10-22T13:51:08","slug":"el-festival-de-fotografia-de-paraty-arranca-con-presencia-europea","status":"publish","type":"post","link":"https:\/\/sertv.gob.pa\/crisolfm\/el-festival-de-fotografia-de-paraty-arranca-con-presencia-europea\/","title":{"rendered":"El festival de fotograf\u00eda de Paraty arranca con presencia europea"},"content":{"rendered":"<p>El festival internacional de fotograf\u00eda \u00abParaty en Foco\u00bb abri\u00f3 este mi\u00e9rcoles en Brasil las puertas virtuales y presenciales de su d\u00e9cimo sexta versi\u00f3n, que tendr\u00e1 como tema central al medio ambiente y a un diverso grupo de invitados, entre ellos varios europeos.<\/p>\n<p>Una variada selecci\u00f3n de trabajos, as\u00ed como talleres y encuentros con reconocidos fot\u00f3grafos y profesionales extranjeros expertos en este arte, har\u00e1n parte de la programaci\u00f3n organizada para el evento que se extender\u00e1 hasta el pr\u00f3ximo 25 de octubre en la ciudad de Paraty, en el litoral de R\u00edo de Janeiro y reconocida como Patrimonio de la Humanidad por la Unesco.<\/p>\n<p>El ingl\u00e9s Mike Steel, el estadounidense David Alan Harvey, el noruego \u00d8istein Joahnnessen, el holand\u00e9s Jeroen Toirkens y los espa\u00f1oles Mili S\u00e1nches y Vicente Albero ser\u00e1n algunos de los invitados especiales que participar\u00e1n de manera virtual en encuentros, entrevistas y \u00a0talleres.<\/p>\n<p>Las exposiciones podr\u00e1n disfrutarse de forma presencial con una muestra que incluir\u00e1 los trabajos de la convocatoria del festival con los 20 finalistas en la Categor\u00eda Ensayos y Fotos \u00danicas, una exhibici\u00f3n que muestra \u00abun amplio panorama de nuevas tendencias, as\u00ed como obras emergentes\u00bb, enviadas desde todo Brasil y otros pa\u00edses.<\/p>\n<p>Asimismo, se podr\u00e1n ver los trabajos de los fot\u00f3grafos invitados, como \u00d8istein Joahnnessen, de Noruega, y Jeroen Toirkens, de Holanda, y de las brasile\u00f1as Betina Samaia y Paula Clerman.<\/p>\n<p>En el evento, tambi\u00e9n podr\u00e1 conocerse el proyecto \u00abLos ni\u00f1os del cobre\u00bb, del fot\u00f3grafo espa\u00f1ol Vicente Albero, una obra que expone el drama humano y ambiental provocado por la eliminaci\u00f3n de dispositivos electr\u00f3nicos, resultado de varios viajes que el autor realiz\u00f3, entre 2014 y 2017, al distrito de Agbogblosie en Accra, capital de Ghana (\u00c1frica).<\/p>\n<p>Para conocer los detalles de este trabajo se transmitir\u00e1 por el canal de Youtube del Festival (TV PEF-Festival Paraty em Foco) una entrevista con el autor el 22 de octubre a las 20.00 hora local (23.00 GMT) realizada por los tambi\u00e9n fot\u00f3grafos Mike Steel y Mile S\u00e1nchez.<\/p>\n<p>Los proyectos \u00abAuroras boreales\u00bb, del holand\u00e9s Jeroen Toirkens, y las historias contadas a trav\u00e9s del lente del estadounidense David Alan Harvey, son otros de los trabajos a los que se podr\u00e1 acceder de forma virtual a partir de este mi\u00e9rcoles por el canal de Youtube y en las redes sociales del evento<\/p>\n<p>&nbsp;<\/p>\n<p>Fuente:\u00a0 EFE<\/p>\n<p>&nbsp;<\/p>\n","protected":false},"excerpt":{"rendered":"<p>El festival internacional de fotograf\u00eda \u00abParaty en Foco\u00bb abri\u00f3 este <a href=\"https:\/\/sertv.gob.pa\/crisolfm\/el-festival-de-fotografia-de-paraty-arranca-con-presencia-europea\/\"> [&#8230;]<\/a><\/p>\n","protected":false},"author":64,"featured_media":34267,"comment_status":"closed","ping_status":"closed","sticky":false,"template":"","format":"standard","meta":{"footnotes":""},"categories":[6],"tags":[],"class_list":["post-34266","post","type-post","status-publish","format-standard","has-post-thumbnail","hentry","category-culturales"],"_links":{"self":[{"href":"https:\/\/sertv.gob.pa\/crisolfm\/wp-json\/wp\/v2\/posts\/34266","targetHints":{"allow":["GET"]}}],"collection":[{"href":"https:\/\/sertv.gob.pa\/crisolfm\/wp-json\/wp\/v2\/posts"}],"about":[{"href":"https:\/\/sertv.gob.pa\/crisolfm\/wp-json\/wp\/v2\/types\/post"}],"author":[{"embeddable":true,"href":"https:\/\/sertv.gob.pa\/crisolfm\/wp-json\/wp\/v2\/users\/64"}],"replies":[{"embeddable":true,"href":"https:\/\/sertv.gob.pa\/crisolfm\/wp-json\/wp\/v2\/comments?post=34266"}],"version-history":[{"count":1,"href":"https:\/\/sertv.gob.pa\/crisolfm\/wp-json\/wp\/v2\/posts\/34266\/revisions"}],"predecessor-version":[{"id":34268,"href":"https:\/\/sertv.gob.pa\/crisolfm\/wp-json\/wp\/v2\/posts\/34266\/revisions\/34268"}],"wp:featuredmedia":[{"embeddable":true,"href":"https:\/\/sertv.gob.pa\/crisolfm\/wp-json\/wp\/v2\/media\/34267"}],"wp:attachment":[{"href":"https:\/\/sertv.gob.pa\/crisolfm\/wp-json\/wp\/v2\/media?parent=34266"}],"wp:term":[{"taxonomy":"category","embeddable":true,"href":"https:\/\/sertv.gob.pa\/crisolfm\/wp-json\/wp\/v2\/categories?post=34266"},{"taxonomy":"post_tag","embeddable":true,"href":"https:\/\/sertv.gob.pa\/crisolfm\/wp-json\/wp\/v2\/tags?post=34266"}],"curies":[{"name":"wp","href":"https:\/\/api.w.org\/{rel}","templated":true}]}}