{"id":34270,"date":"2020-10-22T14:23:43","date_gmt":"2020-10-22T14:23:43","guid":{"rendered":"https:\/\/sertv.gob.pa\/crisolfm\/?p=34270"},"modified":"2020-10-22T14:23:43","modified_gmt":"2020-10-22T14:23:43","slug":"fallece-el-cineasta-mexicano-paul-leduc-a-los-78-anos","status":"publish","type":"post","link":"https:\/\/sertv.gob.pa\/crisolfm\/fallece-el-cineasta-mexicano-paul-leduc-a-los-78-anos\/","title":{"rendered":"Fallece el cineasta mexicano Paul Leduc a los 78 a\u00f1os"},"content":{"rendered":"<p>Con 78 a\u00f1os de edad, el cineasta mexicano Paul Leduc falleci\u00f3 este mi\u00e9rcoles. Aunque se desconocen las causas y su familia no ha hecho ning\u00fan pronunciamiento, personalidades e instituciones de la cultura en M\u00e9xico han lamentado la muerte del director.<\/p>\n<p>\u00abLa Filmoteca UNAM lamenta profundamente el fallecimiento del director, escritor, editor y productor, Paul Leduc. Enviamos nuestras condolencias a sus familiares, colaboradores y amigos. Descanse en paz\u00bb, escribi\u00f3 la Filmoteca de la Universidad Nacional Aut\u00f3noma de M\u00e9xico (UNAM) en su cuenta de Twitter.<\/p>\n<p>Proveniente de una familia importante para la cultura en M\u00e9xico al ser sobrino del escritor Renato Leduc y de la pintora Leonora Carrington, Paul Leduc Rosenzweig naci\u00f3 en 1942 en la Ciudad de M\u00e9xico.<\/p>\n<p>Aunque fue reconocido por su trabajo como director de cine, estudi\u00f3 arquitectura en la UNAM y estudi\u00f3 teatro antes de viajar a Par\u00eds a estudiar cine.<\/p>\n<p>Considerado uno de los representantes del cine de vanguardia e independiente de los a\u00f1os 70, Leduc cuenta en su haber con cintas como \u00abFrida, naturaleza viva\u00bb; y \u00abReed, M\u00e9xico insurgente\u00bb (1970), dos de los m\u00e1s de veinte t\u00edtulos que enmarcan su carrera art\u00edstica.<\/p>\n<p>La segunda, su \u00f3pera prima que se estren\u00f3 en el festival de cine de Cannes, est\u00e1 basada en la novela \u00abM\u00e9xico insurgente: la revoluci\u00f3n de 1910\u00bb, donde el periodista norteamericano John Silas Reed cuenta las experiencias que vivi\u00f3 durante la Revoluci\u00f3n mexicana a partir de 1913 y su percepci\u00f3n de la misma.<\/p>\n<p>A \u00abFrida, naturaleza viva\u00bb se le atribuye una parte importante de la internacionalizaci\u00f3n de la figura de la artista mexicana Frida Kahlo por la interpretaci\u00f3n de Ofelia Medina y las alabanzas de la cr\u00edtica internacional.<\/p>\n<p>Ya consolidado como director de vanguardia, hizo pel\u00edculas como \u00ab\u00bfC\u00f3mo ves?\u00bb (1986), que relata la vida de personajes marginales de la capital mexicana, o \u00a0\u00abCobrador: In God We Trust\u00bb (2006), una adaptaci\u00f3n de una serie de cuentos del brasile\u00f1o Rubem Fonseca, que lo reafirm\u00f3 en su concepci\u00f3n del cine y fue su \u00faltima pel\u00edcula.<\/p>\n<p>Su obra no se limita al cine, pues tambi\u00e9n realiz\u00f3 importantes trabajos en televisi\u00f3n y su trabajo est\u00e1 compuesto por largometrajes de ficci\u00f3n, documentales y cortometrajes.<\/p>\n<p>El trabajo m\u00e1s reciente del cineasta fue un p\u00f3ster con el rostro de Frida para promover el voto latino contra Trump en las pr\u00f3ximas elecciones presidenciales de Estados Unidos.<\/p>\n<p>LA CULTURA MEXICANA DE LUTO<\/p>\n<p>La secretaria de cultura del Gobierno de M\u00e9xico, Alejandra Frausto, expres\u00f3 por medio de sus redes sociales su aflicci\u00f3n ante el fallecimiento de Leduc.<\/p>\n<p>\u00abMe duele la muerte de Paul Leduc, cineasta de vanguardia. Su obra, con dimensi\u00f3n social, ha dado cl\u00e1sicos como &#8216;Reed, M\u00e9xico insurgente&#8217; o &#8216;Cobrador&#8217;. Su mirada denunci\u00f3 los abusos a las comunidades otom\u00edes en el valle del mezquital. Abrazo fuerte a Juan, Valentina, Bertha y Luisa\u00bb, apunt\u00f3.<\/p>\n<p>Por su parte el secretario de Relaciones Exteriores de M\u00e9xico, Marcelo Ebrard, tambi\u00e9n le dedic\u00f3 unas palabras a Leduc: \u00abSensible fallecimiento de Paul Leduc, descanse en paz\u00bb, escribi\u00f3 en Twitter.<\/p>\n<p>Asimismo, uno de los primeros en reaccionar sobre la noticia fue el cineasta Everardo Gonz\u00e1lez (\u00abLa canci\u00f3n del pulque\u00bb, 2003), quien llam\u00f3 al director su \u00abmaestro\u00bb.<\/p>\n<p>\u00abMucha tristeza, muri\u00f3 mi maestro, mi mentor y mi amigo. Me cuesta trabajo creerlo. Descansa en paz querido Paul Leduc\u00bb, mencion\u00f3 en la misma red social.<\/p>\n<p>&nbsp;<\/p>\n<p>Fuente:\u00a0 EFE<\/p>\n<p>&nbsp;<\/p>\n","protected":false},"excerpt":{"rendered":"<p>Con 78 a\u00f1os de edad, el cineasta mexicano Paul Leduc <a href=\"https:\/\/sertv.gob.pa\/crisolfm\/fallece-el-cineasta-mexicano-paul-leduc-a-los-78-anos\/\"> [&#8230;]<\/a><\/p>\n","protected":false},"author":64,"featured_media":34271,"comment_status":"closed","ping_status":"closed","sticky":false,"template":"","format":"standard","meta":{"footnotes":""},"categories":[6],"tags":[],"class_list":["post-34270","post","type-post","status-publish","format-standard","has-post-thumbnail","hentry","category-culturales"],"_links":{"self":[{"href":"https:\/\/sertv.gob.pa\/crisolfm\/wp-json\/wp\/v2\/posts\/34270","targetHints":{"allow":["GET"]}}],"collection":[{"href":"https:\/\/sertv.gob.pa\/crisolfm\/wp-json\/wp\/v2\/posts"}],"about":[{"href":"https:\/\/sertv.gob.pa\/crisolfm\/wp-json\/wp\/v2\/types\/post"}],"author":[{"embeddable":true,"href":"https:\/\/sertv.gob.pa\/crisolfm\/wp-json\/wp\/v2\/users\/64"}],"replies":[{"embeddable":true,"href":"https:\/\/sertv.gob.pa\/crisolfm\/wp-json\/wp\/v2\/comments?post=34270"}],"version-history":[{"count":1,"href":"https:\/\/sertv.gob.pa\/crisolfm\/wp-json\/wp\/v2\/posts\/34270\/revisions"}],"predecessor-version":[{"id":34272,"href":"https:\/\/sertv.gob.pa\/crisolfm\/wp-json\/wp\/v2\/posts\/34270\/revisions\/34272"}],"wp:featuredmedia":[{"embeddable":true,"href":"https:\/\/sertv.gob.pa\/crisolfm\/wp-json\/wp\/v2\/media\/34271"}],"wp:attachment":[{"href":"https:\/\/sertv.gob.pa\/crisolfm\/wp-json\/wp\/v2\/media?parent=34270"}],"wp:term":[{"taxonomy":"category","embeddable":true,"href":"https:\/\/sertv.gob.pa\/crisolfm\/wp-json\/wp\/v2\/categories?post=34270"},{"taxonomy":"post_tag","embeddable":true,"href":"https:\/\/sertv.gob.pa\/crisolfm\/wp-json\/wp\/v2\/tags?post=34270"}],"curies":[{"name":"wp","href":"https:\/\/api.w.org\/{rel}","templated":true}]}}