{"id":34302,"date":"2020-10-22T17:54:09","date_gmt":"2020-10-22T17:54:09","guid":{"rendered":"https:\/\/sertv.gob.pa\/crisolfm\/?p=34302"},"modified":"2020-10-22T17:54:09","modified_gmt":"2020-10-22T17:54:09","slug":"el-papa-francisco-reflexiona-sobre-la-pandemia-en-su-libro-sonemos-juntos","status":"publish","type":"post","link":"https:\/\/sertv.gob.pa\/crisolfm\/el-papa-francisco-reflexiona-sobre-la-pandemia-en-su-libro-sonemos-juntos\/","title":{"rendered":"El papa Francisco reflexiona sobre la pandemia en su libro \u00abSo\u00f1emos juntos\u00bb"},"content":{"rendered":"<p>\u00abSo\u00f1emos juntos\u00bb es el t\u00edtulo del libro en el que el papa Francisco reflexiona sobre la pandemia del coronavirus que, considera, ha puesto de relieve de una manera a\u00fan m\u00e1s evidente la crueldad y la desigualdad que nos rodean, una obra que se publicar\u00e1 el pr\u00f3ximo 3 de diciembre en todo el mundo.<\/p>\n<p>Plaza &amp; Jan\u00e9s edita en castellano este nuevo libro del papa Francisco, en el que destaca \u00abla necesidad de aumentar dr\u00e1sticamente el liderazgo de las mujeres en la Iglesia y en toda la sociedad\u00bb y reconoce \u00abpasados errores de la Iglesia\u00bb.<\/p>\n<p>Seg\u00fan ha informado este jueves la editorial, en \u00abSo\u00f1emos juntos\u00bb, explica \u00abpor qu\u00e9 debemos y c\u00f3mo podemos hacer el mundo m\u00e1s seguro, justo y sano. Insta a no permitir que todo este dolor sea en vano y ofrece una brillante y feroz cr\u00edtica de los sistemas e ideolog\u00edas que conspiraron para producir la situaci\u00f3n actual\u00bb.<\/p>\n<p>As\u00ed, habla de \u00abuna econom\u00eda global obsesionada con los beneficios e indiferente al da\u00f1o causado a las personas y al medioambiente\u00bb y de \u00ablos pol\u00edticos que fomentan el miedo de sus pueblos y lo usan para aumentar su poder\u00bb.<\/p>\n<p>En el libro, el Papa ofrece un proyecto para construir un mundo mejor que coloca a los desfavorecidos y al planeta en el centro de un nuevo pensamiento.<\/p>\n<p>Para ello, Francisco \u00abse inspira no solo en textos sagrados, sino tambi\u00e9n en los hallazgos m\u00e1s recientes de renombrados cient\u00edficos, economistas, activistas y otros pensadores\u00bb y revela c\u00f3mo tres crisis de su propia vida supusieron para \u00e9l un cambio a mejor.<\/p>\n<p>\u00abPara salir mejores de esta crisis necesitamos ver claro, elegir bien y actuar en consecuencia. Hablemos del c\u00f3mo. Atrev\u00e1monos a so\u00f1ar\u00bb, se\u00f1ala en el libro.<\/p>\n<p>&nbsp;<\/p>\n<p>Fuente:\u00a0 EFE<\/p>\n<p>&nbsp;<\/p>\n","protected":false},"excerpt":{"rendered":"<p>\u00abSo\u00f1emos juntos\u00bb es el t\u00edtulo del libro en el que <a href=\"https:\/\/sertv.gob.pa\/crisolfm\/el-papa-francisco-reflexiona-sobre-la-pandemia-en-su-libro-sonemos-juntos\/\"> [&#8230;]<\/a><\/p>\n","protected":false},"author":64,"featured_media":34303,"comment_status":"closed","ping_status":"closed","sticky":false,"template":"","format":"standard","meta":{"footnotes":""},"categories":[6],"tags":[],"class_list":["post-34302","post","type-post","status-publish","format-standard","has-post-thumbnail","hentry","category-culturales"],"_links":{"self":[{"href":"https:\/\/sertv.gob.pa\/crisolfm\/wp-json\/wp\/v2\/posts\/34302","targetHints":{"allow":["GET"]}}],"collection":[{"href":"https:\/\/sertv.gob.pa\/crisolfm\/wp-json\/wp\/v2\/posts"}],"about":[{"href":"https:\/\/sertv.gob.pa\/crisolfm\/wp-json\/wp\/v2\/types\/post"}],"author":[{"embeddable":true,"href":"https:\/\/sertv.gob.pa\/crisolfm\/wp-json\/wp\/v2\/users\/64"}],"replies":[{"embeddable":true,"href":"https:\/\/sertv.gob.pa\/crisolfm\/wp-json\/wp\/v2\/comments?post=34302"}],"version-history":[{"count":1,"href":"https:\/\/sertv.gob.pa\/crisolfm\/wp-json\/wp\/v2\/posts\/34302\/revisions"}],"predecessor-version":[{"id":34304,"href":"https:\/\/sertv.gob.pa\/crisolfm\/wp-json\/wp\/v2\/posts\/34302\/revisions\/34304"}],"wp:featuredmedia":[{"embeddable":true,"href":"https:\/\/sertv.gob.pa\/crisolfm\/wp-json\/wp\/v2\/media\/34303"}],"wp:attachment":[{"href":"https:\/\/sertv.gob.pa\/crisolfm\/wp-json\/wp\/v2\/media?parent=34302"}],"wp:term":[{"taxonomy":"category","embeddable":true,"href":"https:\/\/sertv.gob.pa\/crisolfm\/wp-json\/wp\/v2\/categories?post=34302"},{"taxonomy":"post_tag","embeddable":true,"href":"https:\/\/sertv.gob.pa\/crisolfm\/wp-json\/wp\/v2\/tags?post=34302"}],"curies":[{"name":"wp","href":"https:\/\/api.w.org\/{rel}","templated":true}]}}