{"id":34358,"date":"2020-10-23T17:53:42","date_gmt":"2020-10-23T17:53:42","guid":{"rendered":"https:\/\/sertv.gob.pa\/crisolfm\/?p=34358"},"modified":"2020-10-23T17:53:42","modified_gmt":"2020-10-23T17:53:42","slug":"el-bolshoi-homenajea-a-placido-domingo-por-toda-una-vida-en-la-opera","status":"publish","type":"post","link":"https:\/\/sertv.gob.pa\/crisolfm\/el-bolshoi-homenajea-a-placido-domingo-por-toda-una-vida-en-la-opera\/","title":{"rendered":"El Bolsh\u00f3i homenajea a Pl\u00e1cido Domingo por toda \u00abUna vida en la \u00f3pera\u00bb"},"content":{"rendered":"<p>El teatro Bolsh\u00f3i de Mosc\u00fa homenajear\u00e1 este s\u00e1bado a Pl\u00e1cido Domingo por toda una vida en la \u00f3pera, gala en la que el tenor espa\u00f1ol estar\u00e1 acompa\u00f1ado de un excepcional elenco internacional.<\/p>\n<p>\u00abUna vida en la \u00f3pera\u00bb es el nombre del concierto que se celebrar\u00e1 algo m\u00e1s de tres meses antes de que Domingo cumpla 80 a\u00f1os en un \u00abfenomenal teatro\u00bb, como dijo el propio tenor en breves declaraciones a los medios en el Bolsh\u00f3i tras el ensayo general.<\/p>\n<p>El director del Bolsh\u00f3i, Vlad\u00edmir Urin, dijo a Efe que la gala es \u00abun preludio a las celebraciones por el aniversario\u00bb de Domingo el pr\u00f3ximo 21 de enero.<\/p>\n<p>\u00abPero pienso adem\u00e1s, que en nuestras vidas todo tiene valor: los amigos, los colegas&#8230; y la presencia de Pl\u00e1cido Domingo sobre las tablas del Bolsh\u00f3i es siempre una gran emoci\u00f3n, una m\u00fasica incre\u00edble aqu\u00ed y ahora, y eso es lo importante\u00bb, se\u00f1al\u00f3.<\/p>\n<p>El tenor espa\u00f1ol estar\u00e1 acompa\u00f1ado sobre el escenario de reconocidos cantantes como la gran soprano ruso-austr\u00edaca Anna Netrebko, y su esposo, el tenor azerbaiyano Yusif Eyv\u00e1zov, as\u00ed como de voces emergentes como el vasco Xabier Anduaga y la sudafricana Pretty Yende.<\/p>\n<p>En el principal escenario de Rusia estar\u00e1n adem\u00e1s al lado de Domingo el reconocido bajo-baritono ruso Ildar Abraz\u00e1kov, el tenor l\u00edrico polaco Piotr Beczala, el bar\u00edtono alem\u00e1n Michael Volle y la soprano sueca Christina Nilsson.<\/p>\n<p>\u00abTenemos un elenco extraordinario\u00bb, asegur\u00f3 el bar\u00edtono, quien subray\u00f3 que el Bolsh\u00f3i es un teatro muy especial.<\/p>\n<p>\u00abRusia fue la cuna de muchos compositores legendarios de la historia y muchas voces reconocidas de la actualidad. Estoy encantado de tener el honor y la posibilidad de convertirme en parte del presente y el futuro de esta gran casa\u00bb, afirm\u00f3.<\/p>\n<p>Domingo confes\u00f3 que esta semana es \u00abmuy emocionante\u00bb, pues ha debutado el mi\u00e9rcoles en el Bolsh\u00f3i como director de orquesta de la \u00f3pera Manon Lescaut y ma\u00f1ana cantar\u00e1 en la gala, \u00abcon algunos de los mejores cantantes del mundo\u00bb.<\/p>\n<p>El cantante, al que esperaban en Mosc\u00fa desde abril pasado para interpretar el papel de Giorgio Germont de \u00abLa Traviata\u00bb, de Verdi, tuvo que esperar m\u00e1s de medio a\u00f1o para volver a la capital rusa debido a la pandemia del coronavirus.<\/p>\n<p>Sin embargo, lleg\u00f3 a Mosc\u00fa no solo como director de orquesta y homenajeado en una gala, sino tambi\u00e9n con la promesa de m\u00e1s actuaciones en el Bolsh\u00f3i, ya que interpretar\u00e1 \u00abLa Boh\u00e8me\u00bb de Pucchini en febrero pr\u00f3ximo, el \u00abDon Carlos\u00bb de Giuseppe Verdi en abril y \u00abLa Traviata\u00bb, tambi\u00e9n de Verdi, en mayo pr\u00f3ximo.<\/p>\n<p>Adem\u00e1s, impartir\u00e1 talleres para solistas del teatro y del programa juvenil de \u00f3pera del Bolsh\u00f3i.<\/p>\n<p>El director de teatro, quien conoce a Domingo desde hace tiempo, considera que el cantante \u00abtodav\u00eda est\u00e1 colmado de planes creativos, todav\u00eda es fiel a la m\u00fasica\u00bb.<\/p>\n<p>\u00abEl maestro recuerda bien, desde la gira de La Scala (en Rusia) de 1974, cu\u00e1nto le quieren en Mosc\u00fa\u00bb, dijo Urin a Efe.<\/p>\n<p>Las entradas de la gala de ma\u00f1ana se agotaron al momento.<\/p>\n<p>\u00abEn el teatro importan mucho las emociones. Y mucho m\u00e1s ahora, cuando el mundo est\u00e1 sumido en un triste aislamiento\u00bb debido a la pandemia del coronavirus, dijo Urin.<\/p>\n<p>El director del Bolsh\u00f3i siempre ha defendido a capa y espada al tenor espa\u00f1ol, incluso despu\u00e9s de que varios importantes escenarios del mundo le cerraran la puerta a ra\u00edz de las acusaciones de acoso sexual.<\/p>\n<p>\u00abDomingo est\u00e1 aqu\u00ed. Esa es mi actitud al respecto\u00bb, se\u00f1al\u00f3 categ\u00f3ricamente Urin.<\/p>\n<p>Domingo aceptaba en febrero pasado en un comunicado \u00abtoda la responsabilidad\u00bb de sus acciones y lament\u00f3 \u00abel dolor causado\u00bb a todas las mujeres que le han acusado.<\/p>\n<p>En septiembre defendi\u00f3 su inocencia en una entrevista en TVE y se\u00f1al\u00f3 que si caus\u00f3 alguna \u00abincomodidad\u00bb a alguien \u00abde alguna manera me hubiera disculpado en ese mismo instante\u00bb.<\/p>\n<p>&nbsp;<\/p>\n<p>Fuente:\u00a0 EFE<\/p>\n<p>&nbsp;<\/p>\n","protected":false},"excerpt":{"rendered":"<p>El teatro Bolsh\u00f3i de Mosc\u00fa homenajear\u00e1 este s\u00e1bado a Pl\u00e1cido <a href=\"https:\/\/sertv.gob.pa\/crisolfm\/el-bolshoi-homenajea-a-placido-domingo-por-toda-una-vida-en-la-opera\/\"> [&#8230;]<\/a><\/p>\n","protected":false},"author":64,"featured_media":34359,"comment_status":"closed","ping_status":"closed","sticky":false,"template":"","format":"standard","meta":{"footnotes":""},"categories":[6],"tags":[],"class_list":["post-34358","post","type-post","status-publish","format-standard","has-post-thumbnail","hentry","category-culturales"],"_links":{"self":[{"href":"https:\/\/sertv.gob.pa\/crisolfm\/wp-json\/wp\/v2\/posts\/34358","targetHints":{"allow":["GET"]}}],"collection":[{"href":"https:\/\/sertv.gob.pa\/crisolfm\/wp-json\/wp\/v2\/posts"}],"about":[{"href":"https:\/\/sertv.gob.pa\/crisolfm\/wp-json\/wp\/v2\/types\/post"}],"author":[{"embeddable":true,"href":"https:\/\/sertv.gob.pa\/crisolfm\/wp-json\/wp\/v2\/users\/64"}],"replies":[{"embeddable":true,"href":"https:\/\/sertv.gob.pa\/crisolfm\/wp-json\/wp\/v2\/comments?post=34358"}],"version-history":[{"count":1,"href":"https:\/\/sertv.gob.pa\/crisolfm\/wp-json\/wp\/v2\/posts\/34358\/revisions"}],"predecessor-version":[{"id":34361,"href":"https:\/\/sertv.gob.pa\/crisolfm\/wp-json\/wp\/v2\/posts\/34358\/revisions\/34361"}],"wp:featuredmedia":[{"embeddable":true,"href":"https:\/\/sertv.gob.pa\/crisolfm\/wp-json\/wp\/v2\/media\/34359"}],"wp:attachment":[{"href":"https:\/\/sertv.gob.pa\/crisolfm\/wp-json\/wp\/v2\/media?parent=34358"}],"wp:term":[{"taxonomy":"category","embeddable":true,"href":"https:\/\/sertv.gob.pa\/crisolfm\/wp-json\/wp\/v2\/categories?post=34358"},{"taxonomy":"post_tag","embeddable":true,"href":"https:\/\/sertv.gob.pa\/crisolfm\/wp-json\/wp\/v2\/tags?post=34358"}],"curies":[{"name":"wp","href":"https:\/\/api.w.org\/{rel}","templated":true}]}}