{"id":34393,"date":"2020-10-26T13:53:45","date_gmt":"2020-10-26T13:53:45","guid":{"rendered":"https:\/\/sertv.gob.pa\/crisolfm\/?p=34393"},"modified":"2020-10-26T13:53:45","modified_gmt":"2020-10-26T13:53:45","slug":"micultura-continua-programa-de-acreditacion-de-artesanos-en-colon-chiriqui-y-cocle","status":"publish","type":"post","link":"https:\/\/sertv.gob.pa\/crisolfm\/micultura-continua-programa-de-acreditacion-de-artesanos-en-colon-chiriqui-y-cocle\/","title":{"rendered":"MiCultura contin\u00faa programa de acreditaci\u00f3n de artesanos en Col\u00f3n, Chiriqu\u00ed y Cocl\u00e9"},"content":{"rendered":"<p>Alrededor de 257 artesanos de las provincias de Col\u00f3n, Chiriqu\u00ed y Cocl\u00e9 fueron incluidos en el programa de acreditaciones que realiza el Ministerio de Cultura, a trav\u00e9s de la Direcci\u00f3n Nacional de Artesan\u00edas, como parte de las iniciativas del Plan Colmena que lidera el Gobierno Nacional para garantizar a la poblaci\u00f3n el derecho al desarrollo.<\/p>\n<p>El equipo de MiCultura se traslad\u00f3 a estas provincias para proseguir con el programa de acreditaci\u00f3n que busca llevar un registro nacional, cuyo prop\u00f3sito es reconocer al artesano, la producci\u00f3n y origen de las artesan\u00edas, valorar la calidad de la producci\u00f3n, fomentar la comercializaci\u00f3n y sobre todo fortalecer el desarrollo artesanal.<\/p>\n<p>En la comunidad tur\u00edstica Ember\u00e1 Quera, aldea de la etnia Ember\u00e1, localizada a orillas del Lago Gat\u00fan, corregimiento de Lim\u00f3n, distrito y provincia de Col\u00f3n, 14 artesanos que se dedican a las actividades de fibras, joyer\u00eda y bisuter\u00eda, manualidades, madera tallada, fueron ingresados al registro nacional de artesan\u00edas y adquirir de manera formal su identificaci\u00f3n como emprendedores que contribuyen a la econom\u00eda nacional y al turismo.<\/p>\n<p>Por otra parte, 139 personas que se dedican a las actividades de joyer\u00eda y bisuter\u00eda, textil, manualidades, artes pl\u00e1sticas, en los sectores de Tierras Altas y en Puerto Armuelles, en la provincia de Chiriqu\u00ed igualmente recibieron su acreditaci\u00f3n lo que le brindar\u00e1 la capacidad de poder participar en puntos de venta estrat\u00e9gicos como bazares, ferias y veredas artesanales, que peri\u00f3dicamente se desarrollan a lo largo y ancho del pa\u00eds, adem\u00e1s de capacitaciones, apoyos y programas para microempresarios.<\/p>\n<p>Continuando con esta jornada de acreditaci\u00f3n, en el marco del Festival del Sombrero Pinta\u00b4o, 104 artesanos que se dedican a la actividad de fibra en general, del distrito de La Pintada, en la provincia de Cocl\u00e9, ya cuentan con su credencial que lo reconocen como artesano lo cual les permitir\u00e1 participar en ferias nacionales e internacionales, comercializar sus productos a trav\u00e9s de tiendas y mercados artesanales que ofrece la Direcci\u00f3n Nacional de Artesan\u00edas del Ministerio de Cultura, adem\u00e1s de los beneficios establecidos en la Ley 11 de 22 de febrero de 2020.<\/p>\n<p>Jaime Luna, director nacional de artesan\u00edas, indica que una vez se reclute a la mayor cantidad de artesanos de lugares de dif\u00edcil acceso, visitando sus comunidades, haciendo \u00e9nfasis en ese trabajo artesanal de la mujer rural, ya que \u00e9stas representan el 80%, nos ayuda para que prontamente podamos ingresarlas en nuestra base de datos de manera digital.<\/p>\n<p>Pr\u00f3ximamente con el apoyo de la Gobernaci\u00f3n de Panam\u00e1 y el Servicio Nacional Aeronaval (SENAN) estaremos en el Archipi\u00e9lago de Las Perlas donde hay una gran cantidad de artesanos que se dedican a trabajar con conchas, escamas y huesos de pescado, arena, entre otros residuos del mar. La idea es tratar de registrar la mayor cantidad de productos artesanales que se hacen en nuestro pa\u00eds.<\/p>\n<p>Autoridades locales, representantes de entidades aliadas, acompa\u00f1aron en cada uno de estos lugares al personal de la Direcci\u00f3n Nacional de Artesan\u00edas de MiCultura para dar seguimiento, formular programas en beneficio de estos grupos artesanales, brind\u00e1ndoles capacitaciones, ejecutando la oferta institucional\u00a0 y dando seguimiento a las actividades realizadas en la localidad en pro de satisfacer estas necesidades, tal y como lo establece el Plan Colmena que lidera el gobierno del presidente Laurentino Cortizo Cohen, que tiene como premisa la lucha contra la pobreza y la desigualdad.<\/p>\n<p>Fuente:\u00a0 MiCultura<\/p>\n","protected":false},"excerpt":{"rendered":"<p>Alrededor de 257 artesanos de las provincias de Col\u00f3n, Chiriqu\u00ed <a href=\"https:\/\/sertv.gob.pa\/crisolfm\/micultura-continua-programa-de-acreditacion-de-artesanos-en-colon-chiriqui-y-cocle\/\"> [&#8230;]<\/a><\/p>\n","protected":false},"author":64,"featured_media":34395,"comment_status":"closed","ping_status":"closed","sticky":false,"template":"","format":"standard","meta":{"footnotes":""},"categories":[6],"tags":[],"class_list":["post-34393","post","type-post","status-publish","format-standard","has-post-thumbnail","hentry","category-culturales"],"_links":{"self":[{"href":"https:\/\/sertv.gob.pa\/crisolfm\/wp-json\/wp\/v2\/posts\/34393","targetHints":{"allow":["GET"]}}],"collection":[{"href":"https:\/\/sertv.gob.pa\/crisolfm\/wp-json\/wp\/v2\/posts"}],"about":[{"href":"https:\/\/sertv.gob.pa\/crisolfm\/wp-json\/wp\/v2\/types\/post"}],"author":[{"embeddable":true,"href":"https:\/\/sertv.gob.pa\/crisolfm\/wp-json\/wp\/v2\/users\/64"}],"replies":[{"embeddable":true,"href":"https:\/\/sertv.gob.pa\/crisolfm\/wp-json\/wp\/v2\/comments?post=34393"}],"version-history":[{"count":1,"href":"https:\/\/sertv.gob.pa\/crisolfm\/wp-json\/wp\/v2\/posts\/34393\/revisions"}],"predecessor-version":[{"id":34396,"href":"https:\/\/sertv.gob.pa\/crisolfm\/wp-json\/wp\/v2\/posts\/34393\/revisions\/34396"}],"wp:featuredmedia":[{"embeddable":true,"href":"https:\/\/sertv.gob.pa\/crisolfm\/wp-json\/wp\/v2\/media\/34395"}],"wp:attachment":[{"href":"https:\/\/sertv.gob.pa\/crisolfm\/wp-json\/wp\/v2\/media?parent=34393"}],"wp:term":[{"taxonomy":"category","embeddable":true,"href":"https:\/\/sertv.gob.pa\/crisolfm\/wp-json\/wp\/v2\/categories?post=34393"},{"taxonomy":"post_tag","embeddable":true,"href":"https:\/\/sertv.gob.pa\/crisolfm\/wp-json\/wp\/v2\/tags?post=34393"}],"curies":[{"name":"wp","href":"https:\/\/api.w.org\/{rel}","templated":true}]}}