{"id":34416,"date":"2020-10-26T16:45:24","date_gmt":"2020-10-26T16:45:24","guid":{"rendered":"https:\/\/sertv.gob.pa\/crisolfm\/?p=34416"},"modified":"2020-10-26T16:45:24","modified_gmt":"2020-10-26T16:45:24","slug":"la-exhibicion-monet-experience-y-los-impresionistas-un-viaje-multisensorial-por-las-piezas-de-claude-monet","status":"publish","type":"post","link":"https:\/\/sertv.gob.pa\/crisolfm\/la-exhibicion-monet-experience-y-los-impresionistas-un-viaje-multisensorial-por-las-piezas-de-claude-monet\/","title":{"rendered":"La exhibici\u00f3n \u201cMonet Experience y los impresionistas\u201d, un viaje multisensorial por las piezas de Claude Monet"},"content":{"rendered":"<p>Considerado el padre del impresionismo, Claude Monet, un pintor de la luz, vivi\u00f3 una vida llena de altibajos que se vieron reflejados en sus obras, algunas llenas de color y otras oscuras. Junto con las de otros impresionistas, son las piezas principales de la exhibici\u00f3n \u00abMonet experience y los impresionistas\u00bb en M\u00e9xico.<\/p>\n<p>Una experiencia multisensorial con m\u00e1s de 800 im\u00e1genes de las pinturas m\u00e1s ic\u00f3nicas del maestro Claude Monet y de otros artistas del impresionismo, llevar\u00e1 a los visitantes a un viaje virtual basado en la experiencia de im\u00e1genes y sonidos encantadores, y sumergir\u00e1 a todos en las obras maestras de este pintor quien plasm\u00f3 lo que ve\u00eda en lienzos que si se observan con detalle, parecen cobrar vida.<\/p>\n<p>\u00bfPor qu\u00e9 es importante Claude Monet? \u00bfCu\u00e1l es su legado? \u00bfQui\u00e9n es Monet? El historiador Gerardo Traeger asegura que fue y es un gran artista: \u00abToda su vida y todo lo que hizo es muy importante. Claude Monet es un personaje que naci\u00f3 en una familia de clase media en Francia. Estudi\u00f3 pintura. Vivi\u00f3 una vida muy intensa rodeado de pobreza, vivi\u00f3 de prestado e incluso lleg\u00f3 a vivir con Renoir. Fue uno de los creadores del sal\u00f3n de \u00ablos rechazados\u00bb. Un d\u00eda pint\u00f3 \u00abImpresi\u00f3n, sol naciente\u00bb, el cual da pie al llamado impresionismo, porque un cr\u00edtico se burl\u00f3 de \u00e9l diciendo \u00abestos impresionistas\u00bb, de forma peyorativa por el t\u00edtulo del cuadro\u00bb.<\/p>\n<p>Pero para adentrarse en la vida del impresionismo de Monet, la tecnolog\u00eda hace de las suyas con seis episodios de una miniserie que presenta la historia de diversos impresionistas cuyas obras formar\u00e1n parte de esta exhibici\u00f3n. Cada episodio narrar\u00e1 diversos aspectos de la vida y obra del artista franc\u00e9s que servir\u00e1n para entender la exhibici\u00f3n. El encargado de contar cada historia es Traeger, quien a trav\u00e9s de su experiencia y conocimiento, acercar\u00e1 a los visitantes a la vida y obra de Claude Monet.<\/p>\n<p>La principal caracter\u00edstica de los impresionistas es la yuxtaposici\u00f3n de los colores. \u00abEllos nunca pon\u00edan un verde, lo que hac\u00edan era poner rayas y rayas azules con rayas y rayas amarillas para lograr conseguir el color verde que buscaban a la distancia. No mezclaban los colores en la paleta, hac\u00edan que el ojo uniera estos colores de manera natural. La segunda caracter\u00edstica eran los temas que pintaban. Eran temas muy vulgares para la \u00e9poca o temas muy cotidianos, como pintar a una mujer desnuda en un parque, un hombre barriendo o a un hombre borracho en una taberna. El arte en ese momento era la mitolog\u00eda, la historia, los grandes personajes y los grandes paisajes\u00bb, asegura Traeger.<\/p>\n<p>La exhibici\u00f3n \u00abMonet y los impresionistas\u00bb promete estar llena de arte, m\u00fasica, colores y sonidos. Aunque se ten\u00eda previsto que abriera sus puertas en abril y mayo del 2020, y dada la contingencia por la pandemia de covid-19, se podr\u00e1 disfrutar en el Forum Buenavista de la Ciudad de M\u00e9xico de septiembre a noviembre de 2020.<\/p>\n<p>Fuente:\u00a0 CNN en Espa\u00f1ol<\/p>\n","protected":false},"excerpt":{"rendered":"<p>Considerado el padre del impresionismo, Claude Monet, un pintor de <a href=\"https:\/\/sertv.gob.pa\/crisolfm\/la-exhibicion-monet-experience-y-los-impresionistas-un-viaje-multisensorial-por-las-piezas-de-claude-monet\/\"> [&#8230;]<\/a><\/p>\n","protected":false},"author":64,"featured_media":34417,"comment_status":"closed","ping_status":"closed","sticky":false,"template":"","format":"standard","meta":{"footnotes":""},"categories":[6],"tags":[],"class_list":["post-34416","post","type-post","status-publish","format-standard","has-post-thumbnail","hentry","category-culturales"],"_links":{"self":[{"href":"https:\/\/sertv.gob.pa\/crisolfm\/wp-json\/wp\/v2\/posts\/34416","targetHints":{"allow":["GET"]}}],"collection":[{"href":"https:\/\/sertv.gob.pa\/crisolfm\/wp-json\/wp\/v2\/posts"}],"about":[{"href":"https:\/\/sertv.gob.pa\/crisolfm\/wp-json\/wp\/v2\/types\/post"}],"author":[{"embeddable":true,"href":"https:\/\/sertv.gob.pa\/crisolfm\/wp-json\/wp\/v2\/users\/64"}],"replies":[{"embeddable":true,"href":"https:\/\/sertv.gob.pa\/crisolfm\/wp-json\/wp\/v2\/comments?post=34416"}],"version-history":[{"count":1,"href":"https:\/\/sertv.gob.pa\/crisolfm\/wp-json\/wp\/v2\/posts\/34416\/revisions"}],"predecessor-version":[{"id":34418,"href":"https:\/\/sertv.gob.pa\/crisolfm\/wp-json\/wp\/v2\/posts\/34416\/revisions\/34418"}],"wp:featuredmedia":[{"embeddable":true,"href":"https:\/\/sertv.gob.pa\/crisolfm\/wp-json\/wp\/v2\/media\/34417"}],"wp:attachment":[{"href":"https:\/\/sertv.gob.pa\/crisolfm\/wp-json\/wp\/v2\/media?parent=34416"}],"wp:term":[{"taxonomy":"category","embeddable":true,"href":"https:\/\/sertv.gob.pa\/crisolfm\/wp-json\/wp\/v2\/categories?post=34416"},{"taxonomy":"post_tag","embeddable":true,"href":"https:\/\/sertv.gob.pa\/crisolfm\/wp-json\/wp\/v2\/tags?post=34416"}],"curies":[{"name":"wp","href":"https:\/\/api.w.org\/{rel}","templated":true}]}}