{"id":3462,"date":"2015-10-15T18:07:14","date_gmt":"2015-10-15T18:07:14","guid":{"rendered":""},"modified":"2015-10-15T18:07:14","modified_gmt":"2015-10-15T18:07:14","slug":"panama-es-el-tercer-pais-del-mundo-con-torre-de-manglares","status":"publish","type":"post","link":"https:\/\/sertv.gob.pa\/crisolfm\/panama-es-el-tercer-pais-del-mundo-con-torre-de-manglares\/","title":{"rendered":"Panam\u00e1 es el tercer pa\u00eds del mundo con torre de manglares"},"content":{"rendered":"<p>\nEn Panam\u00e1 dentro de una semana estar\u00e1 instalada una torre en el bosque de manglares de Juan D\u00edaz, al lado de la planta de tratamiento para el saneamiento de la ciudad y de la Bah\u00eda de Panam\u00e1. <\/p>\n<p>As\u00ed lo inform\u00f3, Lourdes Lozano, coordinadora del proyecto, quien advirti\u00f3 que esto convierte a Panam\u00e1 en el tercer pa\u00eds a nivel mundial en contar con una torre en un bosque de manglares. En Estados Unidos hay una y otras dos est\u00e1n ubicadas en China. <\/p>\n<p>Este proyecto denominado &lsquo;Parque Urbano del Manglar en la Bah\u00eda de Panam\u00e1&#8217; forma parte de una cooperaci\u00f3n t\u00e9cnica no reembolsable de CAF &#8211; Banco de Desarrollo de Am\u00e9rica Latina por un monto de $350 mil. La iniciativa igualmente es apoyada por Odebrecht y la Universidad de Virginia. <\/p>\n<p>Lozano explic\u00f3 que esta es una inversi\u00f3n a largo plazo, que apenas comienza cuando la torre reporte data y que dicha torre se vincular\u00e1 con otras 500 ubicadas en bosques tradicionales que est\u00e1n brindando informaci\u00f3n sobre el papel de los bosques como sumideros de carbono y contribuyendo con la mitigaci\u00f3n del cambio clim\u00e1tico. <\/p>\n<p>\u00a0 <\/p>\n","protected":false},"excerpt":{"rendered":"<p>En Panam\u00e1 dentro de una semana estar\u00e1 instalada una torre <a href=\"https:\/\/sertv.gob.pa\/crisolfm\/panama-es-el-tercer-pais-del-mundo-con-torre-de-manglares\/\"> [&#8230;]<\/a><\/p>\n","protected":false},"author":1,"featured_media":3463,"comment_status":"closed","ping_status":"closed","sticky":false,"template":"","format":"standard","meta":{"footnotes":""},"categories":[7],"tags":[],"class_list":["post-3462","post","type-post","status-publish","format-standard","has-post-thumbnail","hentry","category-ecologicas"],"_links":{"self":[{"href":"https:\/\/sertv.gob.pa\/crisolfm\/wp-json\/wp\/v2\/posts\/3462","targetHints":{"allow":["GET"]}}],"collection":[{"href":"https:\/\/sertv.gob.pa\/crisolfm\/wp-json\/wp\/v2\/posts"}],"about":[{"href":"https:\/\/sertv.gob.pa\/crisolfm\/wp-json\/wp\/v2\/types\/post"}],"author":[{"embeddable":true,"href":"https:\/\/sertv.gob.pa\/crisolfm\/wp-json\/wp\/v2\/users\/1"}],"replies":[{"embeddable":true,"href":"https:\/\/sertv.gob.pa\/crisolfm\/wp-json\/wp\/v2\/comments?post=3462"}],"version-history":[{"count":0,"href":"https:\/\/sertv.gob.pa\/crisolfm\/wp-json\/wp\/v2\/posts\/3462\/revisions"}],"wp:featuredmedia":[{"embeddable":true,"href":"https:\/\/sertv.gob.pa\/crisolfm\/wp-json\/wp\/v2\/media\/3463"}],"wp:attachment":[{"href":"https:\/\/sertv.gob.pa\/crisolfm\/wp-json\/wp\/v2\/media?parent=3462"}],"wp:term":[{"taxonomy":"category","embeddable":true,"href":"https:\/\/sertv.gob.pa\/crisolfm\/wp-json\/wp\/v2\/categories?post=3462"},{"taxonomy":"post_tag","embeddable":true,"href":"https:\/\/sertv.gob.pa\/crisolfm\/wp-json\/wp\/v2\/tags?post=3462"}],"curies":[{"name":"wp","href":"https:\/\/api.w.org\/{rel}","templated":true}]}}