{"id":35069,"date":"2020-11-09T15:56:08","date_gmt":"2020-11-09T15:56:08","guid":{"rendered":"https:\/\/sertv.gob.pa\/crisolfm\/?p=35069"},"modified":"2020-11-09T15:56:08","modified_gmt":"2020-11-09T15:56:08","slug":"cambios-masivos-en-los-animales-del-artico-por-el-calentamiento-global","status":"publish","type":"post","link":"https:\/\/sertv.gob.pa\/crisolfm\/cambios-masivos-en-los-animales-del-artico-por-el-calentamiento-global\/","title":{"rendered":"Cambios masivos en los animales del \u00c1rtico por el calentamiento global"},"content":{"rendered":"<p>La base de datos, descrita en un art\u00edculo publicado este jueves en la revista &#8216;Science&#8217;, incluye registros de ecologistas de todo el mundo, entre ellos m\u00e1s de 200 proyectos de investigaci\u00f3n que rastrean los movimientos de m\u00e1s de 8.000 animales marinos y terrestres desde 1991 hasta la actualidad.<\/p>\n<p>\u00abLo que obtuvimos es este enorme conjunto de datos que puede decirnos c\u00f3mo est\u00e1 evolucionando el comportamiento de <strong>los animales frente al cambio clim\u00e1tico<\/strong>\u00ab, explica en un comunicado Gil Bohrer, profesor de ingenier\u00eda civil, ambiental y geod\u00e9sica en la Universidad Estatal de Ohio, en Estados Unidos, quien desarroll\u00f3 la base de datos y es uno de los autores principales del art\u00edculo.<\/p>\n<p>Los cient\u00edficos saben que el \u00c1rtico se est\u00e1 calentando. Las temperaturas promedio han aumentado alrededor de 2,3 grados cent\u00edgrados desde la d\u00e9cada de 1970, seg\u00fan muestra una investigaci\u00f3n. Y las primaveras m\u00e1s tempranas, los inviernos m\u00e1s c\u00e1lidos, la reducci\u00f3n del hielo y el aumento del desarrollo humano est\u00e1n afectando el comportamiento de los animales nativos, han comprobado los investigadores.<\/p>\n<p>Junto con los detalles de la base de datos, el art\u00edculo incluye los resultados de tres estudios basados en los datos que muestran cambios de <strong>comportamiento a largo plazo<\/strong> y a gran escala en los comportamientos de \u00e1guilas reales, osos, carib\u00faes, alces y lobos.<\/p>\n<p>Los ecologistas han estado observando especies individuales y animales individuales durante a\u00f1os, pero hasta esta base de datos, no exist\u00eda una fuente completa para recopilar los datos recopilados a lo largo del tiempo en diferentes estudios y recopilados por diferentes investigadores en agencias acad\u00e9micas, privadas y gubernamentales. La base de datos est\u00e1 alojada en Movebank, una plataforma de investigaci\u00f3n y colaboraci\u00f3n para el movimiento de animales, desarrollada y alojada en el Instituto Max Planck, en Alemania.<\/p>\n<p>Recopilar, limpiar y sintetizar los datos en una base de datos f\u00e1cil de usar implic\u00f3 navegar las fronteras pol\u00edticas, las pol\u00edticas de las instituciones de investigaci\u00f3n individuales y 30 a\u00f1os de notas de miles de investigadores. Pero recopilar los datos en un solo lugar era importante, explica Bohrer: sin la base de datos, los cient\u00edficos de todo el mundo tendr\u00edan dificultades para cuantificar los efectos a <strong>largo plazo del cambio clim\u00e1tico<\/strong> y otras actividades humanas en los animales en todo el \u00c1rtico.<\/p>\n<p>Los tres estudios de investigaci\u00f3n que basaron sus hallazgos en la base de datos muestran que <strong>los animales del \u00c1rtico<\/strong> est\u00e1n cambiando sus comportamientos de manera que podr\u00edan afectar la capacidad de los animales para comer, aparearse y sobrevivir. Un estudio compar\u00f3 los movimientos de m\u00e1s de 100 \u00e1guilas reales entre 1993 y 2017 y descubri\u00f3 que las aves inmaduras que migran hacia el norte en la primavera llegaron a esa regi\u00f3n antes despu\u00e9s de un invierno suave, lo que indica que las temperaturas m\u00e1s c\u00e1lidas pueden empujarlas a migrar antes.<\/p>\n<p>Sin embargo, las \u00e1guilas reales adultas, que de media comienzan su migraci\u00f3n antes que las aves inmaduras, no cambiaron sus patrones. Eso podr\u00eda tener consecuencias para la nidificaci\u00f3n y la supervivencia de los polluelos, encontraron los autores del estudio. En ese caso, el acceso a datos completos brinda a los ecologistas mejores estrategias para manejar esas poblaciones de aves. Otro estudio rastre\u00f3 a m\u00e1s de 900 hembras de carib\u00fa entre 2000 y 2017 y encontr\u00f3 que m\u00e1s manadas del norte est\u00e1n dando a luz a principios de la primavera, mientras que las fechas de parto de las poblaciones del sur no han cambiado.<\/p>\n<p>Las fechas de parto de las poblaciones del norte aparentemente est\u00e1n respondiendo a las condiciones medias m\u00e1s c\u00e1lidas y al comienzo de <strong>la primavera en el \u00c1rtico.<\/strong> Sin embargo, esta respuesta de fechas de parto anteriores es arriesgada. Las fechas de comienzos de la primavera est\u00e1n asociadas con una mayor variaci\u00f3n clim\u00e1tica y es m\u00e1s probable que los eventos de nieve profunda a fines de la primavera maten a los terneros nacidos antes en la temporada.<\/p>\n<p>Un tercer estudio analiz\u00f3 las velocidades a las que los osos, carib\u00faes, alces y lobos se movieron por la regi\u00f3n de 1998 a 2019 y encontr\u00f3 que esas especies se mov\u00edan a diferentes velocidades dependiendo de las temperaturas estacionales, la lluvia y la nieve del invierno.<\/p>\n<p>Esto es importante para la capacidad de los animales para sobrevivir: la capacidad de muchos animales terrestres para cazar alimentos se basa en su capacidad para moverse por grandes \u00e1reas de tierra. El estudio encontr\u00f3 que los alces y los carib\u00faes se mov\u00edan m\u00e1s en los d\u00edas con temperaturas m\u00e1s altas, mientras que sus depredadores, los lobos y los osos negros, tend\u00edan a moverse menos. Los resultados sugieren que los herb\u00edvoros tendr\u00e1n m\u00e1s dificultades para encontrar comida y evitar a los depredadores a medida que las temperaturas contin\u00faen aumentando.<\/p>\n<p>La base de datos tambi\u00e9n brinda a los investigadores una l\u00ednea de base de cu\u00e1ntos animales se comportaban a principios de la d\u00e9cada de 1990, lo que les permitir\u00e1 rastrear los cambios en las pr\u00f3ximas d\u00e9cadas.<\/p>\n<p>&nbsp;<\/p>\n<p>Fuente:\u00a0 ECOticias<\/p>\n","protected":false},"excerpt":{"rendered":"<p>La base de datos, descrita en un art\u00edculo publicado este <a href=\"https:\/\/sertv.gob.pa\/crisolfm\/cambios-masivos-en-los-animales-del-artico-por-el-calentamiento-global\/\"> [&#8230;]<\/a><\/p>\n","protected":false},"author":64,"featured_media":35070,"comment_status":"closed","ping_status":"closed","sticky":false,"template":"","format":"standard","meta":{"footnotes":""},"categories":[7],"tags":[],"class_list":["post-35069","post","type-post","status-publish","format-standard","has-post-thumbnail","hentry","category-ecologicas"],"_links":{"self":[{"href":"https:\/\/sertv.gob.pa\/crisolfm\/wp-json\/wp\/v2\/posts\/35069","targetHints":{"allow":["GET"]}}],"collection":[{"href":"https:\/\/sertv.gob.pa\/crisolfm\/wp-json\/wp\/v2\/posts"}],"about":[{"href":"https:\/\/sertv.gob.pa\/crisolfm\/wp-json\/wp\/v2\/types\/post"}],"author":[{"embeddable":true,"href":"https:\/\/sertv.gob.pa\/crisolfm\/wp-json\/wp\/v2\/users\/64"}],"replies":[{"embeddable":true,"href":"https:\/\/sertv.gob.pa\/crisolfm\/wp-json\/wp\/v2\/comments?post=35069"}],"version-history":[{"count":1,"href":"https:\/\/sertv.gob.pa\/crisolfm\/wp-json\/wp\/v2\/posts\/35069\/revisions"}],"predecessor-version":[{"id":35071,"href":"https:\/\/sertv.gob.pa\/crisolfm\/wp-json\/wp\/v2\/posts\/35069\/revisions\/35071"}],"wp:featuredmedia":[{"embeddable":true,"href":"https:\/\/sertv.gob.pa\/crisolfm\/wp-json\/wp\/v2\/media\/35070"}],"wp:attachment":[{"href":"https:\/\/sertv.gob.pa\/crisolfm\/wp-json\/wp\/v2\/media?parent=35069"}],"wp:term":[{"taxonomy":"category","embeddable":true,"href":"https:\/\/sertv.gob.pa\/crisolfm\/wp-json\/wp\/v2\/categories?post=35069"},{"taxonomy":"post_tag","embeddable":true,"href":"https:\/\/sertv.gob.pa\/crisolfm\/wp-json\/wp\/v2\/tags?post=35069"}],"curies":[{"name":"wp","href":"https:\/\/api.w.org\/{rel}","templated":true}]}}