{"id":35073,"date":"2020-11-09T16:23:57","date_gmt":"2020-11-09T16:23:57","guid":{"rendered":"https:\/\/sertv.gob.pa\/crisolfm\/?p=35073"},"modified":"2020-11-09T16:23:57","modified_gmt":"2020-11-09T16:23:57","slug":"costa-rica-lanza-una-iniciativa-para-reducir-la-huella-de-carbono-en-los-viajes","status":"publish","type":"post","link":"https:\/\/sertv.gob.pa\/crisolfm\/costa-rica-lanza-una-iniciativa-para-reducir-la-huella-de-carbono-en-los-viajes\/","title":{"rendered":"Costa Rica lanza una iniciativa para reducir la huella de carbono en los viajes"},"content":{"rendered":"<p>El Instituto Costarricense de Turismo (ICT) y el Fondo Nacional de Financiamiento Forestal (Fonafifo) han lanzado un convenio de cooperaci\u00f3n con el objetivo de mitigar la huella de carbono en los viajes.<\/p>\n<p>Entre los principales objetivos de esta asociaci\u00f3n se encuentran la financiaci\u00f3n para los proyectos ambientales en todo el pa\u00eds o la recuperaci\u00f3n de <strong>la cobertura forestal<\/strong> con dichos fondos, adem\u00e1s de promover cambios culturales, sociales y educativos. La iniciativa est\u00e1 disponible tanto para visitantes extranjeros como costarricenses y, en \u00faltima instancia, beneficia a todas las familias y trabajadores de las casas de campo o fincas, contribuyendo igualmente al Plan de Descarbonizaci\u00f3n.<\/p>\n<p>El proyecto consiste en que los viajeros, de forma voluntaria, pueden registrarse en una herramienta online para calcular las emisiones de carbono de su vuelo y luego realizar un pago que Fonafifo invertir\u00e1 en diferentes proyectos ambientales en todo el pa\u00eds.<\/p>\n<p>Las emisiones de CO2 var\u00edan seg\u00fan los vuelos de corta\/larga distancia y la clase en la que se viaje (Turista o Business), esto es, una persona que viaje por negocios en un vuelo de larga distancia generar\u00e1 m\u00e1s <strong>emisiones de carbono<\/strong> que otra que vuele en Clase Turista. Con la nueva herramienta online, se podr\u00edan financiar\/reforestar cerca de 14.000 hect\u00e1reas de bosques.<\/p>\n<p>Los resultados se miden a trav\u00e9s de seis indicadores: n\u00famero de \u00e1rboles plantados a trav\u00e9s de la asociaci\u00f3n, n\u00famero de hect\u00e1reas regeneradas, estimaciones de carbono a trav\u00e9s de la asociaci\u00f3n, n\u00famero de familias beneficiadas, tama\u00f1o de las fincas o casas de campo que participan en el proyecto, y n\u00famero de visitantes que compensan las emisiones de CO2.<\/p>\n<p>Costa Rica es un pa\u00eds de poco m\u00e1s de 51.000 kil\u00f3metros, 12 zonas clim\u00e1ticas y varios microclimas, que concentran el 6,5% de la biodiversidad mundial.<\/p>\n<p>Fuente:\u00a0 ECOticias<\/p>\n","protected":false},"excerpt":{"rendered":"<p>El Instituto Costarricense de Turismo (ICT) y el Fondo Nacional <a href=\"https:\/\/sertv.gob.pa\/crisolfm\/costa-rica-lanza-una-iniciativa-para-reducir-la-huella-de-carbono-en-los-viajes\/\"> [&#8230;]<\/a><\/p>\n","protected":false},"author":64,"featured_media":35074,"comment_status":"closed","ping_status":"closed","sticky":false,"template":"","format":"standard","meta":{"footnotes":""},"categories":[7],"tags":[],"class_list":["post-35073","post","type-post","status-publish","format-standard","has-post-thumbnail","hentry","category-ecologicas"],"_links":{"self":[{"href":"https:\/\/sertv.gob.pa\/crisolfm\/wp-json\/wp\/v2\/posts\/35073","targetHints":{"allow":["GET"]}}],"collection":[{"href":"https:\/\/sertv.gob.pa\/crisolfm\/wp-json\/wp\/v2\/posts"}],"about":[{"href":"https:\/\/sertv.gob.pa\/crisolfm\/wp-json\/wp\/v2\/types\/post"}],"author":[{"embeddable":true,"href":"https:\/\/sertv.gob.pa\/crisolfm\/wp-json\/wp\/v2\/users\/64"}],"replies":[{"embeddable":true,"href":"https:\/\/sertv.gob.pa\/crisolfm\/wp-json\/wp\/v2\/comments?post=35073"}],"version-history":[{"count":1,"href":"https:\/\/sertv.gob.pa\/crisolfm\/wp-json\/wp\/v2\/posts\/35073\/revisions"}],"predecessor-version":[{"id":35075,"href":"https:\/\/sertv.gob.pa\/crisolfm\/wp-json\/wp\/v2\/posts\/35073\/revisions\/35075"}],"wp:featuredmedia":[{"embeddable":true,"href":"https:\/\/sertv.gob.pa\/crisolfm\/wp-json\/wp\/v2\/media\/35074"}],"wp:attachment":[{"href":"https:\/\/sertv.gob.pa\/crisolfm\/wp-json\/wp\/v2\/media?parent=35073"}],"wp:term":[{"taxonomy":"category","embeddable":true,"href":"https:\/\/sertv.gob.pa\/crisolfm\/wp-json\/wp\/v2\/categories?post=35073"},{"taxonomy":"post_tag","embeddable":true,"href":"https:\/\/sertv.gob.pa\/crisolfm\/wp-json\/wp\/v2\/tags?post=35073"}],"curies":[{"name":"wp","href":"https:\/\/api.w.org\/{rel}","templated":true}]}}