{"id":35099,"date":"2020-11-09T19:33:25","date_gmt":"2020-11-09T19:33:25","guid":{"rendered":"https:\/\/sertv.gob.pa\/crisolfm\/?p=35099"},"modified":"2020-11-09T19:33:25","modified_gmt":"2020-11-09T19:33:25","slug":"los-aerosoles-son-la-forma-mas-habitual-de-contagio-del-coronavirus-segun-cientificos-espanoles","status":"publish","type":"post","link":"https:\/\/sertv.gob.pa\/crisolfm\/los-aerosoles-son-la-forma-mas-habitual-de-contagio-del-coronavirus-segun-cientificos-espanoles\/","title":{"rendered":"Los aerosoles son \u00abla forma m\u00e1s habitual de contagio\u00bb del coronavirus, seg\u00fan cient\u00edficos espa\u00f1oles"},"content":{"rendered":"<p>La transmisi\u00f3n por aerosoles del nuevo coronavirus sigue planeando en el debate cient\u00edfico. Desde que un nutrido grupo de expertos estadounidenses afirmara que exist\u00edan \u00ab <a href=\"https:\/\/www.abc.es\/ciencia\/abci-cientificos-contradicen-y-gobierno-pruebas-abrumadoras-transmision-aerea-coronavirus-202010052109_noticia.html\" target=\"_blank\" rel=\"noopener\">abrumadoras pruebas<\/a>\u00bb de que el <strong>SARS-CoV-2<\/strong> se transmit\u00eda a trav\u00e9s de las min\u00fasculas gotas que quedan suspendidas en el aire despu\u00e9s de que estornudemos, tosamos o incluso hablemos, muchos han sido los estudios que han apuntado a esta v\u00eda como la explicaci\u00f3n m\u00e1s plausible a la r\u00e1pida expansi\u00f3n del <strong>Covid-19<\/strong> por el mundo. De hecho, el Ministerio de Sanidad recomendaba hace unas semanas la <strong>correcta ventilaci\u00f3n de los espacios cerrados<\/strong> para evitar este tipo de contagios, a pesar de que la Organizaci\u00f3n Mundial de la Salud se resiste a se\u00f1alarla como la m\u00e1s importante. Ahora, un <a href=\"https:\/\/www.ciencia.gob.es\/stfls\/MICINN\/Prensa\/NOTAS_PRENSA\/2020\/Informe_Aerosoles_COVID_MCienciaInnov.pdf\" target=\"_blank\" rel=\"noopener\">informe elaborado por reputados expertos espa\u00f1oles<\/a> -y encargado por el Ministerio de Ciencia e Innovaci\u00f3n- viene a apuntalar a\u00fan m\u00e1s esta teor\u00eda: existe \u00abevidencia significativa sobre la transmisi\u00f3n de SARS-CoV-2 por aerosoles\u00bb y que esta sea \u00ab<strong>la forma m\u00e1s habitual de contagio<\/strong>\u00bb.<\/p>\n<p>Los expertos <strong>Antonio Alcam\u00ed, Margarita del Val<\/strong>, <strong>Miguel Hern\u00e1n<\/strong>, <strong>Pello Latassa<\/strong>, <strong>Jos\u00e9 Luis Jim\u00e9nez<\/strong>, <strong>Xavier Querol<\/strong>, <strong>Ana Robustillo<\/strong>, <strong>Gloria S\u00e1nchez<\/strong> y <strong>Alfonso Valencia<\/strong> firman el documento, en el que recogen y discuten las pruebas a favor y en contra del contagio por aerosoles, fallando a favor de la importancia de esta v\u00eda: \u00abHay un apoyo sustancial de la comunidad cient\u00edfica a la posibilidad de que sea la forma de<strong> transmisi\u00f3n dominante<\/strong> y a que sea la forma m\u00e1s habitual de contagio en eventos de s\u00faper-propagaci\u00f3n\u00bb. Es decir, los aerosoles s\u00ed ser\u00edan la v\u00eda m\u00e1s importante de contagio y tendr\u00edan la culpa de la r\u00e1pida expansi\u00f3n de la pandemia.<\/p>\n<p>\u00abCuando respiramos, hablamos, gritamos, tosemos y estornudamos emitimos abundantes part\u00edculas: <strong>got\u00edculas y aerosoles<\/strong>. Las got\u00edculas infectan por impacto en los ojos, fosas nasales o boca, y caen al suelo hasta a 1-2 metros de la persona que las emite. Los aerosoles infectan por inhalaci\u00f3n y viajan m\u00e1s de 1-2 metros antes de caer al suelo\u00bb, explican los autores, que contin\u00faan: \u00abDebido a su menor tama\u00f1o, la infectividad del virus presente en aerosoles puede ser mayor al penetrar profundamente en los pulmones, y podr\u00eda causar una mayor severidad de la enfermedad Covid-19\u00bb. Es decir, los <strong>aerosoles no solo viajan a m\u00e1s distancia <\/strong>que las got\u00edculas (las gotas que podemos ver a simple vista despu\u00e9s de estornudar o toser), sino que, adem\u00e1s, <strong>al infectar directamente al pulm\u00f3n<\/strong>, pueden <strong>agravar la enfermedad<\/strong>.<\/p>\n<h3>Otras v\u00edas de contagio<\/h3>\n<p>Adem\u00e1s de las got\u00edculas -que afectan por contacto directo- o los aerosoles -por inhalaci\u00f3n-, el informe tambi\u00e9n recoge otras v\u00edas de transmisi\u00f3n, muchas de ellas tambi\u00e9n envueltas en pol\u00e9mica. Es el caso del <strong>contagio de madres a hijos<\/strong>, del que afirman que \u00abno hay evidencia de transmisi\u00f3n intrauterina\u00bb, si bien s\u00ed se han encontrado fragmentos del virus en la leche materna, aunque \u00abning\u00fan virus viable\u00bb. Tambi\u00e9n se se\u00f1ala que hay pruebas de que las <strong>personas pueden infectar a otros mam\u00edferos<\/strong> como perros, gatos y visones de granja, pero \u00abno est\u00e1 clara la eficacia y frecuencia de estas transmisiones\u00bb.<\/p>\n<p>Por otro lado, se hace referencia a la infecci\u00f3n desde <strong>heces y orina<\/strong>, que se considera \u00ablimitada\u00bb, ya que solo hay un estudio que indica posible esta v\u00eda de transmisi\u00f3n. En cuanto a la <strong>transmisi\u00f3n sangu\u00ednea<\/strong>, aunque se ha encontrado SARS-CoV-2 en plasma y se ha replicado en c\u00e9lulas sangu\u00edneas, la incidencia es \u00abincierta\u00bb: \u00abEl riesgo de transmisi\u00f3n por esta v\u00eda parece ser bajo porque no se han reportado casos por transfusi\u00f3n sangu\u00ednea, a pesar de que los bancos de sangre no criban a sus donantes con PCR de diagn\u00f3stico o serolog\u00eda para anticuerpos frente a SARS-CoV-2\u00bb.<\/p>\n<h3>Medidas recomendadas<\/h3>\n<p>Por todo ello, los cient\u00edficos espa\u00f1oles <a href=\"https:\/\/www.abc.es\/ciencia\/abci-aerosoles-contagio-mas-importante-covid-19-202010281833_noticia.html\" target=\"_blank\" rel=\"noopener\">proponen actividades en exteriores<\/a>, ventilar o filtrar los espacios cerrados para reducir la transmisi\u00f3n por aerosoles, as\u00ed como \u00abevitar eventos con alta densidad de personas\u00bb. Todo ello sumado a medidas en vigor y ya aceptadas como el uso de mascarillas, higiene, distanciamiento social, trabajo a distancia en la medida de lo posible y hacer caso de las recomendaciones espec\u00edficas para el transporte p\u00fablico en ciudades y de largo recorrido.<\/p>\n<p>&nbsp;<\/p>\n<p>Fuente:\u00a0 ABC Ciencia<\/p>\n","protected":false},"excerpt":{"rendered":"<p>La transmisi\u00f3n por aerosoles del nuevo coronavirus sigue planeando en <a href=\"https:\/\/sertv.gob.pa\/crisolfm\/los-aerosoles-son-la-forma-mas-habitual-de-contagio-del-coronavirus-segun-cientificos-espanoles\/\"> [&#8230;]<\/a><\/p>\n","protected":false},"author":64,"featured_media":35101,"comment_status":"closed","ping_status":"closed","sticky":false,"template":"","format":"standard","meta":{"footnotes":""},"categories":[9],"tags":[],"class_list":["post-35099","post","type-post","status-publish","format-standard","has-post-thumbnail","hentry","category-varios"],"_links":{"self":[{"href":"https:\/\/sertv.gob.pa\/crisolfm\/wp-json\/wp\/v2\/posts\/35099","targetHints":{"allow":["GET"]}}],"collection":[{"href":"https:\/\/sertv.gob.pa\/crisolfm\/wp-json\/wp\/v2\/posts"}],"about":[{"href":"https:\/\/sertv.gob.pa\/crisolfm\/wp-json\/wp\/v2\/types\/post"}],"author":[{"embeddable":true,"href":"https:\/\/sertv.gob.pa\/crisolfm\/wp-json\/wp\/v2\/users\/64"}],"replies":[{"embeddable":true,"href":"https:\/\/sertv.gob.pa\/crisolfm\/wp-json\/wp\/v2\/comments?post=35099"}],"version-history":[{"count":1,"href":"https:\/\/sertv.gob.pa\/crisolfm\/wp-json\/wp\/v2\/posts\/35099\/revisions"}],"predecessor-version":[{"id":35102,"href":"https:\/\/sertv.gob.pa\/crisolfm\/wp-json\/wp\/v2\/posts\/35099\/revisions\/35102"}],"wp:featuredmedia":[{"embeddable":true,"href":"https:\/\/sertv.gob.pa\/crisolfm\/wp-json\/wp\/v2\/media\/35101"}],"wp:attachment":[{"href":"https:\/\/sertv.gob.pa\/crisolfm\/wp-json\/wp\/v2\/media?parent=35099"}],"wp:term":[{"taxonomy":"category","embeddable":true,"href":"https:\/\/sertv.gob.pa\/crisolfm\/wp-json\/wp\/v2\/categories?post=35099"},{"taxonomy":"post_tag","embeddable":true,"href":"https:\/\/sertv.gob.pa\/crisolfm\/wp-json\/wp\/v2\/tags?post=35099"}],"curies":[{"name":"wp","href":"https:\/\/api.w.org\/{rel}","templated":true}]}}