{"id":35114,"date":"2020-11-10T13:29:13","date_gmt":"2020-11-10T13:29:13","guid":{"rendered":"https:\/\/sertv.gob.pa\/crisolfm\/?p=35114"},"modified":"2020-11-10T13:29:13","modified_gmt":"2020-11-10T13:29:13","slug":"presidente-cortizo-cohen-hace-llamado-a-la-unidad-de-los-panamenos-para-superar-nueva-tragedia-y-el-covid-19","status":"publish","type":"post","link":"https:\/\/sertv.gob.pa\/crisolfm\/presidente-cortizo-cohen-hace-llamado-a-la-unidad-de-los-panamenos-para-superar-nueva-tragedia-y-el-covid-19\/","title":{"rendered":"Presidente Cortizo Cohen hace llamado a la unidad de los paname\u00f1os para superar nueva tragedia y el Covid-19"},"content":{"rendered":"<p>El gobernante manifest\u00f3 su pesar por los paname\u00f1os que perdieron la vida y lament\u00f3 los da\u00f1os materiales y de la producci\u00f3n agr\u00edcola en las \u00e1reas afectadas.<\/p>\n<p>9 de noviembre de 2020. El presidente de la Rep\u00fablica, Laurentino Cortizo Cohen, manifest\u00f3 su \u201cgran pesar\u201d por los hermanos paname\u00f1os que fallecieron producto de las inundaciones y deslizamientos por los efectos del hurac\u00e1n Eta por el pa\u00eds al tiempo que hizo llamado a la unidad de todos los paname\u00f1os para salir adelante de esta tragedia, as\u00ed como de la pandemia por el Covid-19.<\/p>\n<p>En un mensaje al pa\u00eds, el gobernante agradeci\u00f3 la \u201cextraordinaria\u201d labor de los estamentos de seguridad y rescate, as\u00ed como a los voluntarios, en todo el pa\u00eds, que han hecho un esfuerzo heroico para salvar vidas y responder a las necesidades de la poblaci\u00f3n.<\/p>\n<p>\u201cIgualmente quiero reconocer la labor incansable de los gobiernos locales y juntas t\u00e9cnicas en las distintas \u00e1reas afectadas, que han reaccionado con premura y eficiencia, con firmeza en su liderazgo\u201d, destac\u00f3 el mandatario, quien lament\u00f3 tambi\u00e9n las p\u00e9rdidas materiales y de la producci\u00f3n agr\u00edcola.<\/p>\n<p>Tambi\u00e9n agradeci\u00f3 la \u201cinmensa solidaridad del pueblo paname\u00f1o\u201d que de manera espont\u00e1nea acudi\u00f3 a los centros de acopio, aportando generosamente los insumos a la poblaci\u00f3n afectada.<\/p>\n<p>Reconoci\u00f3 que la etapa de recuperaci\u00f3n que se ha iniciado en las zonas afectadas \u201cva a exigir de todos, gobierno y comunidad, un gran esfuerzo y sacrificio\u201d.<\/p>\n<p>\u201cNo va ser f\u00e1cil, una vez m\u00e1s las circunstancias ponen a prueba el car\u00e1cter y compromiso del pueblo paname\u00f1o para salir adelante\u201d, indic\u00f3 al tiempo que agreg\u00f3 que \u201cde este nuevo frente as\u00ed como el del Covid-19, los paname\u00f1os unidos los superaremos\u201d.<\/p>\n<p>Cortizo Cohen asegur\u00f3 que desde las primeras alertas, mediante la coordinaci\u00f3n del Centro de Operaciones Nacional (CON), estructura permanente responsable de la preparaci\u00f3n y respuestas a emergencia o desastres naturales, el gobierno inicio los preparativos de socorro y mitigaci\u00f3n, enviando con rapidez al personal de Sistema Nacional de Protecci\u00f3n Civil (Sinaproc) a las zonas afectadas.<\/p>\n<p>Manifest\u00f3 que a\u00fan sin haberse decretado el estado de emergencia, el gobierno moviliz\u00f3 a los ministros y a otras instancias del Estado en las acciones coordinadas por el CON.<\/p>\n<p>Se\u00f1al\u00f3 que la Fuerza de Tarea Conjunta inici\u00f3 de forma inmediata la tit\u00e1nica labor de b\u00fasqueda, rescate y evacuaci\u00f3n y luego con acciones destinadas a resolver las necesidades b\u00e1sicas de la poblaci\u00f3n en los albergues y \u00e1reas inundadas.<\/p>\n<p>De igual manera destac\u00f3 las labores urgentes que se efectuaron para despejar las v\u00edas de acceso con el prop\u00f3sito de permitir la llegada de la ayuda humanitaria y evitar el desabastecimiento.<\/p>\n<p>Ante la evoluci\u00f3n de los hechos en los d\u00edas siguientes, el gobierno convoc\u00f3 a una Consejo de Gabinete Extraordinario para declarar, \u201cresponsablemente\u201d el Estado de Emergencia Ambiental en las provincias y comarca, adem\u00e1s se aprob\u00f3 un fondo inicial de 100 millones de balboas para la mitigaci\u00f3n de los desastres ocasionados. \u201cEstos fondos se deben utilizar de manera \u00e1gil, eficiente y transparente\u201d, destac\u00f3 el presidente.<\/p>\n<p>En su mensaje al pa\u00eds, el presidente reiter\u00f3 llamado a la poblaci\u00f3n a no bajar la guardia en la lucha contra la Covid-19, debido a un aumento de casos. \u201cla mejor defensa contra el ataque del Covid-19 es la burbuja familiar, que incluye a quienes<\/p>\n<p>viven en nuestras casas; al salir hacer uso correcto de la mascarilla, mantener el distanciamiento de 2 metros, el lavado de manos y autodisciplina\u201d.<\/p>\n<p>\u201cNo tengo duda de que, unidos, Panam\u00e1 se sobrepondr\u00e1 y venceremos toda adversidad\u201d, finaliz\u00f3 el presidente.<\/p>\n<p><strong>Informe de la Operaci\u00f3n Patria <\/strong><\/p>\n<p>Pino: Baja cantidad de personas no localizadas<\/p>\n<p>El ministro de Seguridad, Juan Manuel Pino, precis\u00f3 que la \u201cOperaci\u00f3n Patria\u201d, se encuentra en la fase de respuesta a esta situaci\u00f3n de emergencia, \u201cseguimos con labores de b\u00fasqueda y rescates; ya se adelanta la evaluaci\u00f3n de da\u00f1os y se atienden a las familias damnificadas que est\u00e1n distribuidos en 31 albergues\u201d.<\/p>\n<p>Precis\u00f3 que como parte de las acciones para llevar ayuda humanitaria, se ha coordinado, v\u00eda a\u00e9rea y mar\u00edtima, 82 toneladas de carga, que incluye agua potable, comida seca, leche y frazadas para las familias afectadas de Bocas del Toro, la comarca Ng\u00e4be Bugl\u00e9 y Chiriqu\u00ed.<\/p>\n<p>Adem\u00e1s, reconoci\u00f3 el gran trabajo de hombres y mujeres que conforman todo el equipo del Gobierno Nacional en la Operaci\u00f3n Patria, dirigida por el presidente de la Rep\u00fablica, Laurentino Cortizo Cohen, y precis\u00f3 que \u201cse redoblar\u00e1n los esfuerzos, anteponiendo no solamente la fuerza f\u00edsica sino la solidaridad y el coraz\u00f3n que nos une como paname\u00f1os, ante este impacto de la naturaleza\u201d.<\/p>\n<p>Pino se\u00f1al\u00f3 que el personal de b\u00fasqueda y rescate, emergencia y toda la Fuerza de Tarea Conjunta seguir\u00e1 trabajando como un solo equipo para dar respuesta inmediata a nuestro pr\u00f3jimo, este es el momento adecuado para hacer Patria. Preciso que a la fecha hay 3 ,551 personas afectadas, 35 no localizadas, 850 rescatadas y evacuadas y los fallecidos se mantienen en 17.<\/p>\n<p><strong>Mida: anuncia ayuda millonaria a productores afectados <\/strong><\/p>\n<p>El ministro de Desarrollo Agropecuario (MIDA), Augusto Valderrama, present\u00f3 un informe sobre las zonas agr\u00edcolas impactadas por el hurac\u00e1n ETA en las diversas provincias.<\/p>\n<p>De acuerdo con Valderrama, el impacto de la afectaci\u00f3n en Cocl\u00e9 fue de 140 hect\u00e1reas de arroz, lo que represent\u00f3 un impacto econ\u00f3mico de B\/. 268,270; en Herrera fueron 4.3 millones de hect\u00e1reas, y p\u00e9rdidas calculadas en B\/. 73,573 y en Veraguas fueron impactadas 20 hect\u00e1reas de arroz y 3.2 hect\u00e1reas de ma\u00edz, lo que gener\u00f3 p\u00e9rdidas por B\/. 39,920.<\/p>\n<p>En la provincia de Chiriqu\u00ed se contabilizan afectaciones en sembrad\u00edos de arroz (378 ha), pl\u00e1tano (402 ha), cebolla (54 ha), y otras legumbres (175 ha), con un impacto econ\u00f3mico de B\/8.219,444.00.<\/p>\n<p>En la comarca Ng\u00e4be Bugl\u00e9 se reportaron la p\u00e9rdida de 375 bovinos, de 150 hect\u00e1reas de caf\u00e9, 50 de papa y cebolla, 21 de frijol y guand\u00fa y 175 hect\u00e1reas de otras legumbres.<\/p>\n<p>En tanto que en Bocas del Toro se reportan 29 camiones de pl\u00e1tanos varados, 2 de bananos y 2 de corozo de palma, y 8 mil unidades de queso mozarella, con un impacto econ\u00f3mico de B\/162,053.00.<\/p>\n<p>Valderrama reiter\u00f3 el compromiso del Gobierno con todo el sector agropecuario, ya que desde el d\u00eda uno de la actual gesti\u00f3n reiter\u00f3 que se les ha apoyado.<\/p>\n<p>Para ayudar al sector tras las graves p\u00e9rdidas a esta actividad econ\u00f3mica, el ministro del Mida dijo que se solicit\u00f3 la aprobaci\u00f3n de 8.5 millones de balboas para el financiamiento al 2% a productores afectados por las inundaciones con 2 a\u00f1os de gracia para pagar y para el pago de apoyos directos no reembolsables a peque\u00f1os productores que no estaban asegurados.<\/p>\n<p>Adem\u00e1s de ese componente, la entidad solicit\u00f3 a trav\u00e9s del Banco de Desarrollo Agropecuario (BDA), 2 millones de balboas para refinanciamiento de los pr\u00e9stamos a los productores afectados por esta situaci\u00f3n y B\/. 1,777,639.85 para el pago de las primas por p\u00e9rdidas para apoyar a todos lo que hayan registrado p\u00e9rdidas y tengan su seguro agropecuario a fin de que puedan seguir su proceso de recuperaci\u00f3n.<\/p>\n<p><strong>MOP: 54% de puntos cr\u00edticos en v\u00edas sido habilitados <\/strong><\/p>\n<p>El ministro de Obras P\u00fablicas, Rafael Sabonge, destac\u00f3 que tras un arduo trabajo con el despliegue de 180 maquinarias y funcionarios de la entidad, el 54% de los puntos cr\u00edticos han sido habilitados.<\/p>\n<p>De acuerdo con el ministro Sabonge se han confirmado 73 puntos cr\u00edticos en las provincias y comarca afectada por el fen\u00f3meno natural y se\u00f1al\u00f3 que al ritmo que se trabaja, esta semana, pueden quedar habilitados el 85% de los lugares bloqueados por deslaves y ca\u00eddas de estructuras.<\/p>\n<p>Precis\u00f3 que en la provincia de Panam\u00e1 Oeste en el sector de Los Llanitos se se abri\u00f3 el 100 por ciento de las v\u00edas afectadas; en Veraguas el 81% de los puntos cr\u00edticos han sido habilitados y en la Comarca Ng\u00e4be Bugl\u00e9 el 38% de estos.<\/p>\n<p>Indic\u00f3 que en la provincia de Chiriqu\u00ed, una de las m\u00e1s afectadas, el 29% de las v\u00edas han sido ya abiertas, destacando los 18 kil\u00f3metros que conectan Bambito con Cerro Punta; adem\u00e1s se ha logrado reabrir el paso de autom\u00f3viles en la carretera de Volc\u00e1n a R\u00edo Sereno, donde ocurrieron 36 deslizamientos de tierra.<\/p>\n<p>El ministro se\u00f1al\u00f3 que la carretera hac\u00eda Bocas del Toro ha sido habilitada en los kil\u00f3metros 33 y 40 donde ocurrieron derrumbes.<\/p>\n<p><strong>Meduca ordena suspensi\u00f3n temporal de clases a distancia <\/strong><\/p>\n<p>El viceministro Administrativo de Educaci\u00f3n, Jos\u00e9 P\u00edo Castillero, anunci\u00f3 la decisi\u00f3n del Meduca de suspender temporalmente- del 9 al 20 de noviembre- las clases a distancias en los centros educativos oficiales y particulares de las comunidades que resultaron con mayor afectaci\u00f3n.<\/p>\n<p>Las clases que se ven\u00edan desarrollando a distancia por la pandemia, est\u00e1n suspendidas en los planteles Junta Man\u00ed, Boca de Remedio, Centro Educativo Soloy, IPT Joaquina H. de Torrijos, y Centro Educativo Chube en la Comarca Ng\u00e4be Bugl\u00e9.<\/p>\n<p>&nbsp;<\/p>\n<p>Fuente:\u00a0 Presidencia de la Rep\u00fablica<\/p>\n","protected":false},"excerpt":{"rendered":"<p>El gobernante manifest\u00f3 su pesar por los paname\u00f1os que perdieron <a href=\"https:\/\/sertv.gob.pa\/crisolfm\/presidente-cortizo-cohen-hace-llamado-a-la-unidad-de-los-panamenos-para-superar-nueva-tragedia-y-el-covid-19\/\"> [&#8230;]<\/a><\/p>\n","protected":false},"author":64,"featured_media":35115,"comment_status":"closed","ping_status":"closed","sticky":false,"template":"","format":"standard","meta":{"footnotes":""},"categories":[9],"tags":[],"class_list":["post-35114","post","type-post","status-publish","format-standard","has-post-thumbnail","hentry","category-varios"],"_links":{"self":[{"href":"https:\/\/sertv.gob.pa\/crisolfm\/wp-json\/wp\/v2\/posts\/35114","targetHints":{"allow":["GET"]}}],"collection":[{"href":"https:\/\/sertv.gob.pa\/crisolfm\/wp-json\/wp\/v2\/posts"}],"about":[{"href":"https:\/\/sertv.gob.pa\/crisolfm\/wp-json\/wp\/v2\/types\/post"}],"author":[{"embeddable":true,"href":"https:\/\/sertv.gob.pa\/crisolfm\/wp-json\/wp\/v2\/users\/64"}],"replies":[{"embeddable":true,"href":"https:\/\/sertv.gob.pa\/crisolfm\/wp-json\/wp\/v2\/comments?post=35114"}],"version-history":[{"count":1,"href":"https:\/\/sertv.gob.pa\/crisolfm\/wp-json\/wp\/v2\/posts\/35114\/revisions"}],"predecessor-version":[{"id":35116,"href":"https:\/\/sertv.gob.pa\/crisolfm\/wp-json\/wp\/v2\/posts\/35114\/revisions\/35116"}],"wp:featuredmedia":[{"embeddable":true,"href":"https:\/\/sertv.gob.pa\/crisolfm\/wp-json\/wp\/v2\/media\/35115"}],"wp:attachment":[{"href":"https:\/\/sertv.gob.pa\/crisolfm\/wp-json\/wp\/v2\/media?parent=35114"}],"wp:term":[{"taxonomy":"category","embeddable":true,"href":"https:\/\/sertv.gob.pa\/crisolfm\/wp-json\/wp\/v2\/categories?post=35114"},{"taxonomy":"post_tag","embeddable":true,"href":"https:\/\/sertv.gob.pa\/crisolfm\/wp-json\/wp\/v2\/tags?post=35114"}],"curies":[{"name":"wp","href":"https:\/\/api.w.org\/{rel}","templated":true}]}}