{"id":35129,"date":"2020-11-10T15:24:45","date_gmt":"2020-11-10T15:24:45","guid":{"rendered":"https:\/\/sertv.gob.pa\/crisolfm\/?p=35129"},"modified":"2020-11-10T15:24:45","modified_gmt":"2020-11-10T15:24:45","slug":"africa-a-los-pies-del-calentamiento-global","status":"publish","type":"post","link":"https:\/\/sertv.gob.pa\/crisolfm\/africa-a-los-pies-del-calentamiento-global\/","title":{"rendered":"\u00c1frica a \u2018los pies\u2019 del calentamiento global"},"content":{"rendered":"<p>Los fen\u00f3menos meteorol\u00f3gicos extremos, como olas de calor, inundaciones y lluvias intensas, est\u00e1n aumentando en intensidad, frecuencia y gravedad en muchas partes de \u00c1frica,\u00a0amenazando gravemente la salud humana, la seguridad alimentaria, la paz y la biodiversidad.<\/p>\n<p>As\u00ed lo revela el informe publicado hoy por Greenpeace \u00c1frica y la Unidad Cient\u00edfica de Greenpeace,\u00a0<a href=\"https:\/\/es.greenpeace.org\/es\/sala-de-prensa\/informes\/enfrentar-la-tormenta-clima-extremo-y-cambio-climatico-en-africa\/\" target=\"_blank\" rel=\"noopener\">Weathering the Storm: Extreme Weather and Climate Change in Africa\u00a0(\u2018Enfrentar la tormenta: clima extremo y cambio clim\u00e1tico en \u00c1frica\u2019<\/a>), que asegura que\u00a0<strong>el clima en \u00c1frica subsahariana<\/strong> se ha vuelto m\u00e1s extremo e impredecible en el siglo XXI, una tendencia que la comunidad cient\u00edfica prev\u00e9 que se intensifique en las pr\u00f3ximas d\u00e9cadas.<\/p>\n<p>El informe explora la relaci\u00f3n entre los fen\u00f3menos meteorol\u00f3gicos extremos y el cambio clim\u00e1tico en \u00c1frica y recopila toda la informaci\u00f3n cient\u00edfica que demuestra c\u00f3mo la crisis clim\u00e1tica se puede estar descontrolando en el continente,\u00a0incluidas las olas de calor extremas irregulares, inundaciones, sequ\u00edas y ciclones a una escala hasta ahora desconocida.<\/p>\n<p>Los impactos relacionados con el clima a menudo afectan de manera desproporcionada a las comunidades m\u00e1s pobres porque est\u00e1n menos equipadas para hacer frente a los cambios y adaptarse a ellos. \u201cLa ciencia muestra que hay muy poco de natural en los desastres que azotan nuestro continente. Una crisis provocada por el ser humano requiere una soluci\u00f3n creada por el ser humano.<\/p>\n<p>\u00c1frica es la cuna de la humanidad y ser\u00e1<strong> la cuna de la acci\u00f3n clim\u00e1tica<\/strong> para nuestro futuro.\u00a0La salud, la seguridad, la paz y la justicia no se lograr\u00e1n s\u00f3lo mediante oraciones y sacos de arroz y ma\u00edz despu\u00e9s de un desastre.\u00a0Los l\u00edderes africanos deben declarar una emergencia clim\u00e1tica para preservar nuestro futuro colectivo\u201d, ha declarado\u00a0Melita Steele, directora de programas de Greenpeace \u00c1frica.<\/p>\n<p>Se prev\u00e9 que las\u00a0temperaturas medias\u00a0futuras en \u00c1frica aumenten a un ritmo m\u00e1s r\u00e1pido que el promedio mundial en todos los escenarios de calentamiento [1].<\/p>\n<p>Se prev\u00e9 que el\u00a0aumento de la temperatura media anual\u00a0para gran parte de \u00c1frica supere los 2\u00a0\u2103\u00a0o se sit\u00fae dentro del rango de 3\u00a0\u2103\u00a0a 6\u00a0\u2103\u00a0para finales del siglo XXI si contin\u00faan las altas emisiones, de dos a cuatro veces m\u00e1s que el objetivo establecido en el Acuerdo de Par\u00eds.<\/p>\n<p>Es probable que el aumento de la temperatura provoque\u00a0muertes, desplazamientos, conflictos relacionados con el clima, lluvias irregulares, escasez de agua potable, obstrucci\u00f3n de la producci\u00f3n agr\u00edcola y extinci\u00f3n acelerada de especies africanas end\u00e9micas.<\/p>\n<p>Se espera que\u00a0aumente la frecuencia, intensidad y duraci\u00f3n de los eventos de calor extremo, siguiendo las tendencias ya observadas en el sur, este y norte de \u00c1frica.<\/p>\n<p>Ndoni Mcunu, cient\u00edfica experta en clima, fundadora de Black Women in Science y coautora del informe, ha se\u00f1alado:\u00a0\u201cEs necesario que haya una mejor incorporaci\u00f3n de los conocimientos ind\u00edgenas en las evidencias cient\u00edficas <strong>sobre eventos clim\u00e1ticos extremos en \u00c1frica<\/strong>. Los pa\u00edses africanos deben asumir un mayor liderazgo en el desarrollo de nuevas bases de datos y modelos en lugar de depender de pa\u00edses fuera del continente. Esto asegurar\u00e1 una mejor comunicaci\u00f3n, planificaci\u00f3n y proyectos futuros de eventos. El acceso a la informaci\u00f3n debe proporcionarse a nivel comunitario\u201d.<\/p>\n<p>Por su parte, la directora de la Asociaci\u00f3n de Mujeres y Pueblos Ind\u00edgenas de Chad (AFPAT),\u00a0Hindou Oumarou Ibrahim, ha declarado que\u00a0\u201cen los \u00faltimos 50 a\u00f1os, ya hemos experimentado un calentamiento de 1,5 \u00b0 C, muy por encima del promedio mundial. En el Sahel, el cambio clim\u00e1tico ha destruido nuestras cosechas, nuestros hogares y separado a las familias a trav\u00e9s de la migraci\u00f3n forzada.<\/p>\n<p>Pero \u00c1frica no es solo el escenario donde se producir\u00e1n <strong>los peores impactos clim\u00e1ticos<\/strong>; es un continente de millones de personas decididas a detener el cambio clim\u00e1tico, a alejarse de los combustibles f\u00f3siles, que se pondr\u00e1n de pie para proteger nuestros bosques y nuestra biodiversidad de la agricultura industrial\u201d.<\/p>\n<p>Tambi\u00e9n la activista ugandesa por el clima\u00a0Vanessa Nakate\u00a0se ha manifestado en relaci\u00f3n a este informe:\u00a0\u201cHe visto que el cambio clim\u00e1tico afecta de manera desproporcionada a las personas de mi comunidad, de mi pa\u00eds y del continente africano. Es desastroso para la agricultura, que es clave para nuestra supervivencia; nuestros medios de vida est\u00e1n en peligro y todo se pierde por las inundaciones, las sequ\u00edas y las olas de calor. L\u00edderes: ustedes tienen que despertar, escuchar la ciencia, afrontar la emergencia clim\u00e1tica y acabar con la inseguridad alimentaria e h\u00eddrica, con la violencia y con la desigualdad de g\u00e9nero que est\u00e1 provocando el cambio clim\u00e1tico\u201d.<\/p>\n<p>Fuente:\u00a0 ECOticias<\/p>\n","protected":false},"excerpt":{"rendered":"<p>Los fen\u00f3menos meteorol\u00f3gicos extremos, como olas de calor, inundaciones y <a href=\"https:\/\/sertv.gob.pa\/crisolfm\/africa-a-los-pies-del-calentamiento-global\/\"> [&#8230;]<\/a><\/p>\n","protected":false},"author":64,"featured_media":35130,"comment_status":"closed","ping_status":"closed","sticky":false,"template":"","format":"standard","meta":{"footnotes":""},"categories":[7],"tags":[],"class_list":["post-35129","post","type-post","status-publish","format-standard","has-post-thumbnail","hentry","category-ecologicas"],"_links":{"self":[{"href":"https:\/\/sertv.gob.pa\/crisolfm\/wp-json\/wp\/v2\/posts\/35129","targetHints":{"allow":["GET"]}}],"collection":[{"href":"https:\/\/sertv.gob.pa\/crisolfm\/wp-json\/wp\/v2\/posts"}],"about":[{"href":"https:\/\/sertv.gob.pa\/crisolfm\/wp-json\/wp\/v2\/types\/post"}],"author":[{"embeddable":true,"href":"https:\/\/sertv.gob.pa\/crisolfm\/wp-json\/wp\/v2\/users\/64"}],"replies":[{"embeddable":true,"href":"https:\/\/sertv.gob.pa\/crisolfm\/wp-json\/wp\/v2\/comments?post=35129"}],"version-history":[{"count":1,"href":"https:\/\/sertv.gob.pa\/crisolfm\/wp-json\/wp\/v2\/posts\/35129\/revisions"}],"predecessor-version":[{"id":35131,"href":"https:\/\/sertv.gob.pa\/crisolfm\/wp-json\/wp\/v2\/posts\/35129\/revisions\/35131"}],"wp:featuredmedia":[{"embeddable":true,"href":"https:\/\/sertv.gob.pa\/crisolfm\/wp-json\/wp\/v2\/media\/35130"}],"wp:attachment":[{"href":"https:\/\/sertv.gob.pa\/crisolfm\/wp-json\/wp\/v2\/media?parent=35129"}],"wp:term":[{"taxonomy":"category","embeddable":true,"href":"https:\/\/sertv.gob.pa\/crisolfm\/wp-json\/wp\/v2\/categories?post=35129"},{"taxonomy":"post_tag","embeddable":true,"href":"https:\/\/sertv.gob.pa\/crisolfm\/wp-json\/wp\/v2\/tags?post=35129"}],"curies":[{"name":"wp","href":"https:\/\/api.w.org\/{rel}","templated":true}]}}