{"id":35137,"date":"2020-11-10T16:23:11","date_gmt":"2020-11-10T16:23:11","guid":{"rendered":"https:\/\/sertv.gob.pa\/crisolfm\/?p=35137"},"modified":"2020-11-10T16:23:11","modified_gmt":"2020-11-10T16:23:11","slug":"el-lago-de-los-cisnes-mas-emotivo-el-video-de-la-bailarina-marta-cinta-que-ha-conmovido-al-mundo","status":"publish","type":"post","link":"https:\/\/sertv.gob.pa\/crisolfm\/el-lago-de-los-cisnes-mas-emotivo-el-video-de-la-bailarina-marta-cinta-que-ha-conmovido-al-mundo\/","title":{"rendered":"\u00abEl lago de los cisnes\u00bb m\u00e1s emotivo: El v\u00eddeo de la bailarina Marta Cinta que ha conmovido al mundo"},"content":{"rendered":"<p>Un v\u00eddeo homenaje a Marta Gonz\u00e1lez Salda\u00f1a, conocida como Marta Cinta, que lleg\u00f3 a ser primera bailarina del Ballet de Nueva York en los a\u00f1os sesenta, ha<strong> conmovido al mundo<\/strong>. En las im\u00e1genes, grabadas hace un a\u00f1o cuando estaba en una<strong> residencia de Muro de Alcoi (Alicante)<\/strong>, se ve c\u00f3mo Cinta se emociona al escuchar \u00abEl lago de los cisnes\u00bb con unos auriculares e <strong>intenta interpretar desde su silla de ruedas<\/strong> la conocida composici\u00f3n de Tchaikovsky.<\/p>\n<p>\u00abUna bailarina <strong>siempre ser\u00e1 una bailarina<\/strong>. Emoci\u00f3n a flor de piel, al escuchar, sentir y volar junto con \u00abEl lago de los Cisnes\u00bb\u00bb, se\u00f1ala la publicaci\u00f3n. La iniciativa ha partido de la asociaci\u00f3n que promueve el uso terap\u00e9utico de la m\u00fasica en personas con alzheimer y otras demencias \u00abM\u00fasica para Despertar\u00bb, cuyo fundador y director es el psic\u00f3logo granadino Pepe Olmedo. En declaraciones a EFE, Olmedo ha explicado que grab\u00f3 <strong>hace ahora m\u00e1s de un a\u00f1o<\/strong> a esta artista y que ha publicado ahora su emotiva reacci\u00f3n<strong> para recordarla<\/strong> varios meses <strong>despu\u00e9s de su muerte<\/strong>, durante el primer confinamiento.<\/p>\n<p>En apenas unos d\u00edas, m\u00e1s de <strong>ocho millones de personas <\/strong>han visto el v\u00eddeo en redes sociales como TikTok, Instagram, YouTube, Facebook o Twitter, donde celebridades como<strong> los actores Antonio Banderas y Jennifer Garner<\/strong> han compartido la emoci\u00f3n y el poder de la m\u00fasica.<\/p>\n<p>\u00abNuestra <strong>conexi\u00f3n innata con la m\u00fasica<\/strong>, el movimiento y las artes es hermosa. La memoria sensorial del lago de los cisnes de esta ex bailarina me encanta, es tan hermosa. Gracias a todos los que luchan contra el Alzheimer\u00bb, escribe en su post la actriz americana.<\/p>\n<p>\u00abPromovemos que usen la m\u00fasica de forma terap\u00e9utica, basada en la psicolog\u00eda, en personas con alzheimer y otras demencias\u00bb, ha explicado Olmedo, que invita a que los familiares vuelvan a acercar a sus allegados las canciones que pudieron acompa\u00f1ar su vida.<\/p>\n<p>\u00abNos encontramos con Marta Gonz\u00e1lez, conocimos su historia y probamos con ella las herramientas de &#8216;M\u00fasica para Despertar&#8217; (&#8230;) En el v\u00eddeo podemos ver c\u00f3mo reacciona ante una de las canciones m\u00e1s importantes de su vida. Estaba cabizbaja y, ya al empezar los primeros acordes,<strong> conecta con la obra y se emociona<\/strong>\u00bb, ha explicado.<\/p>\n<p>El proyecto de esta asociaci\u00f3n, que ahora se promociona con el v\u00eddeo viral en internet, comenz\u00f3 como un voluntariado desde el centro de mayores \u00abC\u00e1xar de la Vega\u00bb, junto a la colaboraci\u00f3n de los trabajadores, residentes y familiares.<\/p>\n<p>Desde entonces, ha tratado de compartir la filosof\u00eda con cuantas m\u00e1s personas, centros e instituciones les ha sido posible, y ya han llegado a diferentes ciudades de Asturias, Zaragoza, Madrid, Granada, C\u00e1diz, Tenerife, Barcelona, Pa\u00eds Vasco, Sevilla, M\u00e1laga, y otras de fuera de Costa Rica.<\/p>\n<p>La asociaci\u00f3n busca \u00abdespertar\u00bb \u00e1reas del cerebro a trav\u00e9s de la m\u00fasica y el amor, ya que entre las \u00faltimas en desaparecer en los afectados por alzheimer est\u00e1n precisamente las encargadas de la memoria musical.<\/p>\n<p>&nbsp;<\/p>\n<p>Fuente:\u00a0 ABC Cultura<\/p>\n","protected":false},"excerpt":{"rendered":"<p>Un v\u00eddeo homenaje a Marta Gonz\u00e1lez Salda\u00f1a, conocida como Marta <a href=\"https:\/\/sertv.gob.pa\/crisolfm\/el-lago-de-los-cisnes-mas-emotivo-el-video-de-la-bailarina-marta-cinta-que-ha-conmovido-al-mundo\/\"> [&#8230;]<\/a><\/p>\n","protected":false},"author":64,"featured_media":35138,"comment_status":"closed","ping_status":"closed","sticky":false,"template":"","format":"standard","meta":{"footnotes":""},"categories":[6],"tags":[],"class_list":["post-35137","post","type-post","status-publish","format-standard","has-post-thumbnail","hentry","category-culturales"],"_links":{"self":[{"href":"https:\/\/sertv.gob.pa\/crisolfm\/wp-json\/wp\/v2\/posts\/35137","targetHints":{"allow":["GET"]}}],"collection":[{"href":"https:\/\/sertv.gob.pa\/crisolfm\/wp-json\/wp\/v2\/posts"}],"about":[{"href":"https:\/\/sertv.gob.pa\/crisolfm\/wp-json\/wp\/v2\/types\/post"}],"author":[{"embeddable":true,"href":"https:\/\/sertv.gob.pa\/crisolfm\/wp-json\/wp\/v2\/users\/64"}],"replies":[{"embeddable":true,"href":"https:\/\/sertv.gob.pa\/crisolfm\/wp-json\/wp\/v2\/comments?post=35137"}],"version-history":[{"count":1,"href":"https:\/\/sertv.gob.pa\/crisolfm\/wp-json\/wp\/v2\/posts\/35137\/revisions"}],"predecessor-version":[{"id":35142,"href":"https:\/\/sertv.gob.pa\/crisolfm\/wp-json\/wp\/v2\/posts\/35137\/revisions\/35142"}],"wp:featuredmedia":[{"embeddable":true,"href":"https:\/\/sertv.gob.pa\/crisolfm\/wp-json\/wp\/v2\/media\/35138"}],"wp:attachment":[{"href":"https:\/\/sertv.gob.pa\/crisolfm\/wp-json\/wp\/v2\/media?parent=35137"}],"wp:term":[{"taxonomy":"category","embeddable":true,"href":"https:\/\/sertv.gob.pa\/crisolfm\/wp-json\/wp\/v2\/categories?post=35137"},{"taxonomy":"post_tag","embeddable":true,"href":"https:\/\/sertv.gob.pa\/crisolfm\/wp-json\/wp\/v2\/tags?post=35137"}],"curies":[{"name":"wp","href":"https:\/\/api.w.org\/{rel}","templated":true}]}}