{"id":35140,"date":"2020-11-10T16:51:27","date_gmt":"2020-11-10T16:51:27","guid":{"rendered":"https:\/\/sertv.gob.pa\/crisolfm\/?p=35140"},"modified":"2020-11-10T16:51:27","modified_gmt":"2020-11-10T16:51:27","slug":"marta-nieto-la-protagonista-de-madre-nominada-a-mejor-actriz-en-los-premios-del-cine-europeo","status":"publish","type":"post","link":"https:\/\/sertv.gob.pa\/crisolfm\/marta-nieto-la-protagonista-de-madre-nominada-a-mejor-actriz-en-los-premios-del-cine-europeo\/","title":{"rendered":"Marta Nieto, la protagonista de \u00abMadre\u00bb, nominada a mejor actriz en los premios del cine europeo"},"content":{"rendered":"<p><strong>Marta Nieto<\/strong> se ha convertido este martes en la \u00fanica aportaci\u00f3n del cine espa\u00f1ol a las nominaciones de los premios que concede la <strong>Academia del Cine Europeo (EFA) <\/strong>y que se han anunciado, como es habitual en los \u00faltimos a\u00f1os, dentro del <strong>Festival de Sevilla<\/strong>.<\/p>\n<p>La actriz murciana, protagonista de <strong>\u00abMadre\u00bb<\/strong>, de <strong>Rodrigo Sorogoyen<\/strong>, es una de las seis int\u00e9rpretes que optar\u00e1n al premio a la Mejor Actriz en la 33\u00aa edici\u00f3n de los Premios del Cine Europeo.<\/p>\n<p>De esta forma, Marta Nieto competir\u00e1 para lograr este galard\u00f3n con <strong>Paula Beer<\/strong>, por \u00abOndina\u00bb; <strong>Natasha Berezhnaya<\/strong>, por \u00abDAU. Natasha\u00bb; <strong>Andrea Baein Hovig<\/strong>, por \u00abHope\u00bb;<strong> Ane Dahl Torp<\/strong>, por \u00abCharter\u00bb; y<strong> Nina Hoss<\/strong>, por \u00abMy Little Sister\u00bb.<\/p>\n<p>La presencia espa\u00f1ola en los pr\u00f3ximos premios EFA se completa con <strong>\u00abVentajas de viajar en tren\u00bb<\/strong> de Aritz Moreno, candidata a <strong>mejor comedia<\/strong> y en la categor\u00eda de animaci\u00f3n,<strong> \u00abKlaus\u00bb<\/strong>, de <strong>Sergio Pablos <\/strong>y la coproducci\u00f3n <strong>\u00abJosep\u00bb<\/strong>, de <strong>Aurel<\/strong>, candidaturas todas estas que ya se hab\u00edan adelantado en d\u00edas pasados.<\/p>\n<p>Marta Nieto ya se llev\u00f3 un premio de la<strong> Mostra de Venecia <\/strong>por su trabajo en \u00abMadre\u00bb adem\u00e1s del<strong> premio Forqu\u00e9 <\/strong>de EGEDA en Espa\u00f1a, y estuvo nominada a los Goya, entre otros reconocimientos.<\/p>\n<p>La lectura de nominaciones ha tenido lugar este mediod\u00eda en Sevilla en el marco del<strong> 17 Festival de Cine Europeo de Sevilla<\/strong> aunque este a\u00f1o, debido a la pandemia, la rueda de prensa de la Academia de Cine Europeo ha sido telem\u00e1tica.<\/p>\n<p>Las <strong>pel\u00edculas favoritas <\/strong>para estos premios, que se entregar\u00e1n en una ceremonia \u00abonline\u00bb el pr\u00f3ximo 12 de diciembre desde Berl\u00edn, son la polaca <strong>\u00abCorpus Christi\u00bb<\/strong>, de Jan Komasa, <strong>\u00abAnother round\u00bb<\/strong> del dan\u00e9s Thomas Vinterberg y la italiana <strong>\u00abMartin Eden\u00bb<\/strong> de Pietro Marcello, con cuatro nominaciones cada una.<\/p>\n<p>Las favoritas de esta edici\u00f3n competir\u00e1n por el premio principal, el de<strong> mejor pel\u00edcula<\/strong>, y tambi\u00e9n coinciden en las categor\u00edas de mejor director, mejor guion y mejor actor -Bartosz Bielenia, Mads Mikkelsen y Luca Marinelli respectivamente-.<\/p>\n<p>Las otras candidatas a mejor pel\u00edcula son <strong>\u00abBerlin Alexanderplatz\u00bb<\/strong>, del alem\u00e1n de origen afgano Burhan Qurbani, que tambi\u00e9n compite por el premio a mejor guion; la checa<strong> \u00abThe painted bird\u00bb<\/strong>, de Vaclav Marhoul y <strong>\u00abOndina\u00bb,<\/strong> del alem\u00e1n Christian Petzold, que inaugur\u00f3 el pasado viernes el Festival de Sevilla.<\/p>\n<p><strong>Viggo Mortensen <\/strong>es otro de los aspirantes al premio a mejor actor por su trabajo en \u00abFalling\u00bb, pel\u00edcula que \u00e9l mismo dirige y escribe. El resto de candidatos son el serbio Goran Bogdan por \u00abFather\u00bb y el italiano Elio Germano por \u00abVolevo nascondermi\u00bb.<\/p>\n<h3>Celebraci\u00f3n telem\u00e1tica<\/h3>\n<p>Agnieszka Holland por \u00abCharlatan\u00bb, Fran\u00e7ois Ozon por \u00abVerano del 85\u00bb y Maria S\u00f8dahl por \u00abHope\u00bb son finalistas tambi\u00e9n al premio a <strong>mejor director<\/strong>.<\/p>\n<p><strong>Mike Downey<\/strong>, el presidente de la Junta directiva de la Academia de Cine Europeo, ha participado en la rueda de prensa desde Sevilla, seg\u00fan ha dicho, \u00aben solidaridad\u00bb con los organizadores, mientras que <strong>Marion D\u00f6ring<\/strong>, directora de EFA, le ha acompa\u00f1ado en la lectura desde Berl\u00edn.<\/p>\n<p>En un principio estaba previsto que la ceremonia de los Premios de Cine Europeo de este a\u00f1o tuviera lugar en<strong> Reikiavik<\/strong>, pero debido a la pandemia se ha tenido que reorganizar una celebraci\u00f3n telem\u00e1tica.<\/p>\n<p>Downey ha avanzado que <strong>Islandia<\/strong> se ha ofrecido a acoger los premios en <strong>otra edici\u00f3n<\/strong>, que podr\u00eda ser, ha dicho, la de 2022, ya que el a\u00f1o que viene est\u00e1 previsto que se celebren en Berl\u00edn.<\/p>\n<p>Fuente:\u00a0 ABC Cultura<\/p>\n","protected":false},"excerpt":{"rendered":"<p>Marta Nieto se ha convertido este martes en la \u00fanica <a href=\"https:\/\/sertv.gob.pa\/crisolfm\/marta-nieto-la-protagonista-de-madre-nominada-a-mejor-actriz-en-los-premios-del-cine-europeo\/\"> [&#8230;]<\/a><\/p>\n","protected":false},"author":64,"featured_media":35141,"comment_status":"closed","ping_status":"closed","sticky":false,"template":"","format":"standard","meta":{"footnotes":""},"categories":[6],"tags":[],"class_list":["post-35140","post","type-post","status-publish","format-standard","has-post-thumbnail","hentry","category-culturales"],"_links":{"self":[{"href":"https:\/\/sertv.gob.pa\/crisolfm\/wp-json\/wp\/v2\/posts\/35140","targetHints":{"allow":["GET"]}}],"collection":[{"href":"https:\/\/sertv.gob.pa\/crisolfm\/wp-json\/wp\/v2\/posts"}],"about":[{"href":"https:\/\/sertv.gob.pa\/crisolfm\/wp-json\/wp\/v2\/types\/post"}],"author":[{"embeddable":true,"href":"https:\/\/sertv.gob.pa\/crisolfm\/wp-json\/wp\/v2\/users\/64"}],"replies":[{"embeddable":true,"href":"https:\/\/sertv.gob.pa\/crisolfm\/wp-json\/wp\/v2\/comments?post=35140"}],"version-history":[{"count":1,"href":"https:\/\/sertv.gob.pa\/crisolfm\/wp-json\/wp\/v2\/posts\/35140\/revisions"}],"predecessor-version":[{"id":35143,"href":"https:\/\/sertv.gob.pa\/crisolfm\/wp-json\/wp\/v2\/posts\/35140\/revisions\/35143"}],"wp:featuredmedia":[{"embeddable":true,"href":"https:\/\/sertv.gob.pa\/crisolfm\/wp-json\/wp\/v2\/media\/35141"}],"wp:attachment":[{"href":"https:\/\/sertv.gob.pa\/crisolfm\/wp-json\/wp\/v2\/media?parent=35140"}],"wp:term":[{"taxonomy":"category","embeddable":true,"href":"https:\/\/sertv.gob.pa\/crisolfm\/wp-json\/wp\/v2\/categories?post=35140"},{"taxonomy":"post_tag","embeddable":true,"href":"https:\/\/sertv.gob.pa\/crisolfm\/wp-json\/wp\/v2\/tags?post=35140"}],"curies":[{"name":"wp","href":"https:\/\/api.w.org\/{rel}","templated":true}]}}