{"id":35145,"date":"2020-11-10T17:23:22","date_gmt":"2020-11-10T17:23:22","guid":{"rendered":"https:\/\/sertv.gob.pa\/crisolfm\/?p=35145"},"modified":"2020-11-10T17:23:22","modified_gmt":"2020-11-10T17:23:22","slug":"en-portobelo-personal-del-miviot-evalua-respuesta-a-15-familias-afectadas-por-el-mal-tiempo","status":"publish","type":"post","link":"https:\/\/sertv.gob.pa\/crisolfm\/en-portobelo-personal-del-miviot-evalua-respuesta-a-15-familias-afectadas-por-el-mal-tiempo\/","title":{"rendered":"En Portobelo, personal del MIVIOT, eval\u00faa respuesta a 15 familias afectadas por el mal tiempo"},"content":{"rendered":"<p>Con la intenci\u00f3n de darles una pronta respuesta<strong>, <\/strong>personal del Ministerio de Vivienda y Ordenamiento Territorial (MIVIOT), evalu\u00f3\u00a015 viviendas afectadas por el mal tiempo de los \u00faltimos d\u00edas, en los sectores de R\u00edo Piedra, Playa La Angosta, Villa Del Rosario (antes Mechi), R\u00edo Guanche, Buenaventura y Portobelo (centro).<\/p>\n<p>El equipo del MIVIOT, efectu\u00f3 la inspecci\u00f3n de los da\u00f1os entre leves y severos, causados por los fuertes vientos en los poblados del distrito de Portobelo, ubicado en la Costa Arriba de la provincia de Col\u00f3n, donde\u00a0procedieron a realizar el levantamiento\u00a0t\u00e9cnico y social de las familias. De esta manera, se levant\u00f3 los expedientes, los cuales fueron enviados a direcci\u00f3n a Coordinaci\u00f3n de Proyectos y Asuntos Comunitarios, quienes evaluar\u00e1n las respuestas que se le dar\u00e1 a los afectados.<\/p>\n<p>El informe t\u00e9cnico, contabiliz\u00f3 un promedio de 15 residencias\u00a0afectadas, de los cuales dos, por ca\u00edda de \u00e1rbol, el resto\u00a0presentaron da\u00f1os parciales y en otros casos de consideraci\u00f3n.<\/p>\n<p>Mireya De Le\u00f3n, residente en R\u00edo Piedra, cont\u00f3 que se encontraba lavando en compa\u00f1\u00eda de su hija menor de cinco a\u00f1os, cuando escuch\u00f3 el crujir del \u00e1rbol, le grit\u00f3 a la peque\u00f1a que corriera, cuando el palo cay\u00f3 la ni\u00f1a rod\u00f3, en eso ella la toma del brazo y lograron ponerse al salvo.<\/p>\n<p>El representante del corregimiento de Portobelo, Mario Ort\u00edz, se\u00f1al\u00f3, que los efectos de la Tormenta Eta, se sinti\u00f3 con fuertes vientos en esta parte del pa\u00eds, al conocerse de los da\u00f1os en las casas se acudi\u00f3 al MIVIOT, para el apoyo.<\/p>\n<p>&nbsp;<\/p>\n<p>Fuente: MIVIOT<\/p>\n<p>&nbsp;<\/p>\n","protected":false},"excerpt":{"rendered":"<p>Con la intenci\u00f3n de darles una pronta respuesta, personal del <a href=\"https:\/\/sertv.gob.pa\/crisolfm\/en-portobelo-personal-del-miviot-evalua-respuesta-a-15-familias-afectadas-por-el-mal-tiempo\/\"> [&#8230;]<\/a><\/p>\n","protected":false},"author":64,"featured_media":35146,"comment_status":"closed","ping_status":"closed","sticky":false,"template":"","format":"standard","meta":{"footnotes":""},"categories":[7],"tags":[],"class_list":["post-35145","post","type-post","status-publish","format-standard","has-post-thumbnail","hentry","category-ecologicas"],"_links":{"self":[{"href":"https:\/\/sertv.gob.pa\/crisolfm\/wp-json\/wp\/v2\/posts\/35145","targetHints":{"allow":["GET"]}}],"collection":[{"href":"https:\/\/sertv.gob.pa\/crisolfm\/wp-json\/wp\/v2\/posts"}],"about":[{"href":"https:\/\/sertv.gob.pa\/crisolfm\/wp-json\/wp\/v2\/types\/post"}],"author":[{"embeddable":true,"href":"https:\/\/sertv.gob.pa\/crisolfm\/wp-json\/wp\/v2\/users\/64"}],"replies":[{"embeddable":true,"href":"https:\/\/sertv.gob.pa\/crisolfm\/wp-json\/wp\/v2\/comments?post=35145"}],"version-history":[{"count":1,"href":"https:\/\/sertv.gob.pa\/crisolfm\/wp-json\/wp\/v2\/posts\/35145\/revisions"}],"predecessor-version":[{"id":35147,"href":"https:\/\/sertv.gob.pa\/crisolfm\/wp-json\/wp\/v2\/posts\/35145\/revisions\/35147"}],"wp:featuredmedia":[{"embeddable":true,"href":"https:\/\/sertv.gob.pa\/crisolfm\/wp-json\/wp\/v2\/media\/35146"}],"wp:attachment":[{"href":"https:\/\/sertv.gob.pa\/crisolfm\/wp-json\/wp\/v2\/media?parent=35145"}],"wp:term":[{"taxonomy":"category","embeddable":true,"href":"https:\/\/sertv.gob.pa\/crisolfm\/wp-json\/wp\/v2\/categories?post=35145"},{"taxonomy":"post_tag","embeddable":true,"href":"https:\/\/sertv.gob.pa\/crisolfm\/wp-json\/wp\/v2\/tags?post=35145"}],"curies":[{"name":"wp","href":"https:\/\/api.w.org\/{rel}","templated":true}]}}