{"id":35169,"date":"2020-11-11T13:53:40","date_gmt":"2020-11-11T13:53:40","guid":{"rendered":"https:\/\/sertv.gob.pa\/crisolfm\/?p=35169"},"modified":"2020-11-11T13:53:40","modified_gmt":"2020-11-11T13:53:40","slug":"desplazamiento-de-onda-tropical-no-46-hacia-la-cuenca-central-del-caribe-advierte-sinaproc","status":"publish","type":"post","link":"https:\/\/sertv.gob.pa\/crisolfm\/desplazamiento-de-onda-tropical-no-46-hacia-la-cuenca-central-del-caribe-advierte-sinaproc\/","title":{"rendered":"Desplazamiento de onda tropical No.46 hacia la cuenca central del Caribe, advierte SINAPROC"},"content":{"rendered":"<p>El informe de la Operaci\u00f3n Patria comenz\u00f3 con la advertencia del SINAPROC sobre el desplazamiento de la onda tropical No 46 hacia la cuenca central del Caribe formando una zona de baja presi\u00f3n y propiciando condiciones inestables para Panam\u00e1 para hoy mi\u00e9rcoles 11 de noviembre.<\/p>\n<p>Mientras se toman las previsiones para esa nueva onda tropical, SINAPROC contin\u00faa monitoreando el comportamiento clim\u00e1tico de las diferentes regiones y las \u00e1reas en riesgo, afirmando que las condiciones del clima para las siguientes horas se presentan favorables, con algunas lluvias t\u00edpicas de la temporada.<\/p>\n<p>El director del Sistema Nacional de Protecci\u00f3n Civil, Carlos Rumbo, inform\u00f3 que la \u201cOperaci\u00f3n Patria\u201d, est\u00e1 en la fase de respuesta y que contin\u00faa la b\u00fasqueda, rescate, evaluaci\u00f3n de los da\u00f1os, atenci\u00f3n a los albergues y suministro de asistencia humanitaria.<\/p>\n<p>En estos momentos, se han habilitado 30 albergues y se han volcado los esfuerzos para brindarle atenci\u00f3n necesaria a la poblaci\u00f3n afectada, incluyendo las evaluaciones m\u00e9dicas por parte del personal de la Caja de Seguro Social y el Ministerio de Salud.<\/p>\n<p>Agreg\u00f3 Rumbo, que la Fuerza de Tarea Conjunta (FTC) continuar\u00e1 trabajando para seguir abriendo trochas y poder llegar a las zonas que siguen incomunicadas.<\/p>\n<p>\u201cTenemos 24 rescatistas que continuar\u00e1n la b\u00fasqueda y rescate en el distrito de Besik\u00f3, en la comarca Ng\u00e4be Bugl\u00e9. \u00a0Adem\u00e1s, hemos logrado ubicar con vida a varias personas que inicialmente fueron reportadas como desaparecidas. \u00a0\u00a0Esperamos que en las pr\u00f3ximas horas aumente la lista de rescatados para llevarlos hacia los albergues\u201d, concluy\u00f3 el director de SINAPROC.<\/p>\n<p>Esa entidad, tambi\u00e9n ha realizado acciones de b\u00fasqueda y rescate, en las comunidades de Bambito, Cerro Punta, Volc\u00e1n, R\u00edo Sereno, y provincia de Bocas del Toro, entre otros.<\/p>\n<p>&nbsp;<\/p>\n<p>Fuente:\u00a0 SINAPROC<\/p>\n","protected":false},"excerpt":{"rendered":"<p>El informe de la Operaci\u00f3n Patria comenz\u00f3 con la advertencia <a href=\"https:\/\/sertv.gob.pa\/crisolfm\/desplazamiento-de-onda-tropical-no-46-hacia-la-cuenca-central-del-caribe-advierte-sinaproc\/\"> [&#8230;]<\/a><\/p>\n","protected":false},"author":64,"featured_media":35170,"comment_status":"closed","ping_status":"closed","sticky":false,"template":"","format":"standard","meta":{"footnotes":""},"categories":[7],"tags":[],"class_list":["post-35169","post","type-post","status-publish","format-standard","has-post-thumbnail","hentry","category-ecologicas"],"_links":{"self":[{"href":"https:\/\/sertv.gob.pa\/crisolfm\/wp-json\/wp\/v2\/posts\/35169","targetHints":{"allow":["GET"]}}],"collection":[{"href":"https:\/\/sertv.gob.pa\/crisolfm\/wp-json\/wp\/v2\/posts"}],"about":[{"href":"https:\/\/sertv.gob.pa\/crisolfm\/wp-json\/wp\/v2\/types\/post"}],"author":[{"embeddable":true,"href":"https:\/\/sertv.gob.pa\/crisolfm\/wp-json\/wp\/v2\/users\/64"}],"replies":[{"embeddable":true,"href":"https:\/\/sertv.gob.pa\/crisolfm\/wp-json\/wp\/v2\/comments?post=35169"}],"version-history":[{"count":1,"href":"https:\/\/sertv.gob.pa\/crisolfm\/wp-json\/wp\/v2\/posts\/35169\/revisions"}],"predecessor-version":[{"id":35171,"href":"https:\/\/sertv.gob.pa\/crisolfm\/wp-json\/wp\/v2\/posts\/35169\/revisions\/35171"}],"wp:featuredmedia":[{"embeddable":true,"href":"https:\/\/sertv.gob.pa\/crisolfm\/wp-json\/wp\/v2\/media\/35170"}],"wp:attachment":[{"href":"https:\/\/sertv.gob.pa\/crisolfm\/wp-json\/wp\/v2\/media?parent=35169"}],"wp:term":[{"taxonomy":"category","embeddable":true,"href":"https:\/\/sertv.gob.pa\/crisolfm\/wp-json\/wp\/v2\/categories?post=35169"},{"taxonomy":"post_tag","embeddable":true,"href":"https:\/\/sertv.gob.pa\/crisolfm\/wp-json\/wp\/v2\/tags?post=35169"}],"curies":[{"name":"wp","href":"https:\/\/api.w.org\/{rel}","templated":true}]}}