{"id":35173,"date":"2020-11-11T14:26:38","date_gmt":"2020-11-11T14:26:38","guid":{"rendered":"https:\/\/sertv.gob.pa\/crisolfm\/?p=35173"},"modified":"2020-11-11T14:26:38","modified_gmt":"2020-11-11T14:26:38","slug":"halla-una-espada-de-hace-3-300-anos-mientras-buscaba-setas-en-un-bosque","status":"publish","type":"post","link":"https:\/\/sertv.gob.pa\/crisolfm\/halla-una-espada-de-hace-3-300-anos-mientras-buscaba-setas-en-un-bosque\/","title":{"rendered":"Halla una espada de hace 3.300 a\u00f1os mientras buscaba setas en un bosque"},"content":{"rendered":"<p>Roman Nov\u00e1k sali\u00f3 a <strong>buscar setas <\/strong>tras la lluvia en un bosque cercano a su casa, en el distrito de Jesen\u00edk, en el norte de Moravia, en la Rep\u00fablica Checa. Observ\u00f3 que un<strong> objeto extra\u00f1o sobresal\u00eda<\/strong> de entre unas piedras: \u00abLe di una patada y descubr\u00ed que era una hoja,<strong> parte de una espada<\/strong>. Despu\u00e9s de un tiempo volv\u00ed all\u00ed y encontr\u00e9 un <strong>hacha de bronce<\/strong>\u00bb, ha relatado Nov\u00e1k a Radio Checa.<\/p>\n<p>Nov\u00e1k llev\u00f3 ambas piezas a los arque\u00f3logos que, tras investigarlas, han llegado a la conclusi\u00f3n de que <strong>ambas datan de alrededor del 1300 a. C.<\/strong> (hace 3.300 a\u00f1os). Los especialistas tambi\u00e9n han apuntado que las dos son <strong>armas muy similares<\/strong> a las fabricadas en la <strong>Edad de Bronce <\/strong>en el norte de Alemania.<\/p>\n<p>\u00abA diferencia de las espadas de hierro posteriores, que requer\u00edan que el herrero martillara el metal al rojo vivo para darle forma, las de bronce se fabricaban<strong> fundiendo el metal <\/strong>hasta hacerlo l\u00edquido y luego verti\u00e9ndolo en un molde\u00bb, ha afirmado Juchelka, al frente del departamento de arqueolog\u00eda en el cercano Museo de Silesia.<\/p>\n<p>De acuerdo con la revista <a href=\"https:\/\/www.archaeology.org\/\" target=\"_blank\" rel=\"noopener\">\u00abArchaeology\u00bb<\/a>, los rayos X revelaron muchas <strong>burbujas peque\u00f1as <\/strong>en el bronce. Esto sugiere que la espada no se us\u00f3 en combate, sino que <strong>ten\u00eda un valor simb\u00f3lico<\/strong>\u00bb, ha se\u00f1alado Juchelka.<\/p>\n<p>Milan Rychl\u00fd, que trabaja en el Museo Etnogr\u00e1fico de Jesen\u00edck, ha resaltado que les ha sorprendido encontrar un objeto as\u00ed en el \u00e1rea, ya que en la \u00e9poca estaba muy poco poblada, por lo que realizar\u00e1n un<strong> minucioso estudio arqueol\u00f3gico<\/strong>. \u00abEs como un rompecabezas. Solo tenemos cuatro peque\u00f1os fragmentos de la historia que tuvo lugar en este momento, as\u00ed que tenemos que empezar a juntar todo\u00bb, ha detallado a la emisora.<\/p>\n<p>&nbsp;<\/p>\n<p>Fuente:\u00a0 ABC Cultura<\/p>\n","protected":false},"excerpt":{"rendered":"<p>Roman Nov\u00e1k sali\u00f3 a buscar setas tras la lluvia en <a href=\"https:\/\/sertv.gob.pa\/crisolfm\/halla-una-espada-de-hace-3-300-anos-mientras-buscaba-setas-en-un-bosque\/\"> [&#8230;]<\/a><\/p>\n","protected":false},"author":64,"featured_media":35174,"comment_status":"closed","ping_status":"closed","sticky":false,"template":"","format":"standard","meta":{"footnotes":""},"categories":[6],"tags":[],"class_list":["post-35173","post","type-post","status-publish","format-standard","has-post-thumbnail","hentry","category-culturales"],"_links":{"self":[{"href":"https:\/\/sertv.gob.pa\/crisolfm\/wp-json\/wp\/v2\/posts\/35173","targetHints":{"allow":["GET"]}}],"collection":[{"href":"https:\/\/sertv.gob.pa\/crisolfm\/wp-json\/wp\/v2\/posts"}],"about":[{"href":"https:\/\/sertv.gob.pa\/crisolfm\/wp-json\/wp\/v2\/types\/post"}],"author":[{"embeddable":true,"href":"https:\/\/sertv.gob.pa\/crisolfm\/wp-json\/wp\/v2\/users\/64"}],"replies":[{"embeddable":true,"href":"https:\/\/sertv.gob.pa\/crisolfm\/wp-json\/wp\/v2\/comments?post=35173"}],"version-history":[{"count":1,"href":"https:\/\/sertv.gob.pa\/crisolfm\/wp-json\/wp\/v2\/posts\/35173\/revisions"}],"predecessor-version":[{"id":35175,"href":"https:\/\/sertv.gob.pa\/crisolfm\/wp-json\/wp\/v2\/posts\/35173\/revisions\/35175"}],"wp:featuredmedia":[{"embeddable":true,"href":"https:\/\/sertv.gob.pa\/crisolfm\/wp-json\/wp\/v2\/media\/35174"}],"wp:attachment":[{"href":"https:\/\/sertv.gob.pa\/crisolfm\/wp-json\/wp\/v2\/media?parent=35173"}],"wp:term":[{"taxonomy":"category","embeddable":true,"href":"https:\/\/sertv.gob.pa\/crisolfm\/wp-json\/wp\/v2\/categories?post=35173"},{"taxonomy":"post_tag","embeddable":true,"href":"https:\/\/sertv.gob.pa\/crisolfm\/wp-json\/wp\/v2\/tags?post=35173"}],"curies":[{"name":"wp","href":"https:\/\/api.w.org\/{rel}","templated":true}]}}