{"id":35181,"date":"2020-11-11T15:24:30","date_gmt":"2020-11-11T15:24:30","guid":{"rendered":"https:\/\/sertv.gob.pa\/crisolfm\/?p=35181"},"modified":"2020-11-11T15:24:30","modified_gmt":"2020-11-11T15:24:30","slug":"bmw-desarrolla-un-traje-de-alas-con-motor-electrico","status":"publish","type":"post","link":"https:\/\/sertv.gob.pa\/crisolfm\/bmw-desarrolla-un-traje-de-alas-con-motor-electrico\/","title":{"rendered":"BMW desarrolla un traje de alas con motor el\u00e9ctrico"},"content":{"rendered":"<p>Tal como ha indicado la compa\u00f1\u00eda alemana, gracias a esta colaboraci\u00f3n, Salzmann pudo cumplir su sue\u00f1o de volar con un traje con alas con propulsi\u00f3n el\u00e9ctrica, que permite aumentar<strong> la velocidad y el tiempo de vuelo<\/strong>. La unidad de vuelo del traje de alas electrificado de BMW i consta de dos h\u00e9lices de carbono encapsuladas que act\u00faan como impulsores, cada una con una potencia de 7,5 kW (unos 10 caballos), que se mueven a una velocidad de unas 25.000 revoluciones por minuto y con una potencia conjunta de 15 kW disponibles durante aproximadamente 5 minutos.<\/p>\n<p>BMW ha indicado que el proyecto del traje de alas electrificado de BMW i se ha llevado a cabo gracias a la aspiraci\u00f3n de Peter Salzmann por elevar el deporte de los trajes de alas a un nuevo nivel. El austriaco, de 33 a\u00f1os, es instructor de paracaidismo, al tiempo que tambi\u00e9n ha hecho del salto base y del paracaidismo su profesi\u00f3n. Con un traje con alas, los saltadores pueden alcanzar velocidades superiores a los 100 kil\u00f3metros por hora. Al a\u00f1adirle un sistema de propulsi\u00f3n el\u00e9ctrico, se pueden llegar a superar los 300 kil\u00f3metros por hora.<\/p>\n<p>Para su vuelo inaugural, Salzmann vol\u00f3 el helic\u00f3ptero junto con otros dos pilotos con traje de alas sobre las cimas de las monta\u00f1as de su Austria natal. Tras saltar, desde una altitud de 3.000 metros, los tres volaron en formaci\u00f3n en <strong>direcci\u00f3n a un macizo monta\u00f1oso<\/strong>. \u00abCon ayuda del motor el\u00e9ctrico, Salzmann aceler\u00f3 m\u00e1s r\u00e1pido que sus compa\u00f1eros y fue capaz de volar a trav\u00e9s de la cima en un vuelo empinado\u00bb, ha subrayado BMW.<\/p>\n<p>Por todo ello, BMW mostrar\u00e1 el v\u00eddeo del primer vuelo de Salzmann con esta indumentaria durante el evento NEXTGen 2020, que se celebrar\u00e1 a partir del lunes 9 de noviembre, donde tambi\u00e9n exhibir\u00e1 diferentes maneras de c\u00f3mo la empresa est\u00e1 impulsando el cambio del sector automovil\u00edstico mundial.<\/p>\n<p>\u00abEl enfoque principal est\u00e1 en el campo tecnol\u00f3gico de <strong>la movilidad el\u00e9ctrica<\/strong>, en el que el grupo BMW, con sus conocimientos de desarrollo y producci\u00f3n, y la mayor oferta de sistemas de propulsi\u00f3n el\u00e9ctrica, es uno de los principales proveedores del mundo\u00bb, ha subrayado la firma.<\/p>\n<p>&nbsp;<\/p>\n<p>Fuente:\u00a0 ECOticias<\/p>\n","protected":false},"excerpt":{"rendered":"<p>Tal como ha indicado la compa\u00f1\u00eda alemana, gracias a esta <a href=\"https:\/\/sertv.gob.pa\/crisolfm\/bmw-desarrolla-un-traje-de-alas-con-motor-electrico\/\"> [&#8230;]<\/a><\/p>\n","protected":false},"author":64,"featured_media":35182,"comment_status":"closed","ping_status":"closed","sticky":false,"template":"","format":"standard","meta":{"footnotes":""},"categories":[9],"tags":[],"class_list":["post-35181","post","type-post","status-publish","format-standard","has-post-thumbnail","hentry","category-varios"],"_links":{"self":[{"href":"https:\/\/sertv.gob.pa\/crisolfm\/wp-json\/wp\/v2\/posts\/35181","targetHints":{"allow":["GET"]}}],"collection":[{"href":"https:\/\/sertv.gob.pa\/crisolfm\/wp-json\/wp\/v2\/posts"}],"about":[{"href":"https:\/\/sertv.gob.pa\/crisolfm\/wp-json\/wp\/v2\/types\/post"}],"author":[{"embeddable":true,"href":"https:\/\/sertv.gob.pa\/crisolfm\/wp-json\/wp\/v2\/users\/64"}],"replies":[{"embeddable":true,"href":"https:\/\/sertv.gob.pa\/crisolfm\/wp-json\/wp\/v2\/comments?post=35181"}],"version-history":[{"count":1,"href":"https:\/\/sertv.gob.pa\/crisolfm\/wp-json\/wp\/v2\/posts\/35181\/revisions"}],"predecessor-version":[{"id":35183,"href":"https:\/\/sertv.gob.pa\/crisolfm\/wp-json\/wp\/v2\/posts\/35181\/revisions\/35183"}],"wp:featuredmedia":[{"embeddable":true,"href":"https:\/\/sertv.gob.pa\/crisolfm\/wp-json\/wp\/v2\/media\/35182"}],"wp:attachment":[{"href":"https:\/\/sertv.gob.pa\/crisolfm\/wp-json\/wp\/v2\/media?parent=35181"}],"wp:term":[{"taxonomy":"category","embeddable":true,"href":"https:\/\/sertv.gob.pa\/crisolfm\/wp-json\/wp\/v2\/categories?post=35181"},{"taxonomy":"post_tag","embeddable":true,"href":"https:\/\/sertv.gob.pa\/crisolfm\/wp-json\/wp\/v2\/tags?post=35181"}],"curies":[{"name":"wp","href":"https:\/\/api.w.org\/{rel}","templated":true}]}}