{"id":35185,"date":"2020-11-11T15:56:20","date_gmt":"2020-11-11T15:56:20","guid":{"rendered":"https:\/\/sertv.gob.pa\/crisolfm\/?p=35185"},"modified":"2020-11-11T15:56:20","modified_gmt":"2020-11-11T15:56:20","slug":"el-papa-reitera-su-compromiso-contra-la-pedofilia-tras-el-informe-mccarrick","status":"publish","type":"post","link":"https:\/\/sertv.gob.pa\/crisolfm\/el-papa-reitera-su-compromiso-contra-la-pedofilia-tras-el-informe-mccarrick\/","title":{"rendered":"El papa reitera su compromiso contra la pedofilia tras el informe McCarrick"},"content":{"rendered":"<p>El papa Francisco manifest\u00f3 este mi\u00e9rcoles su solidaridad con las v\u00edctimas de abusos sexuales cometidos por religiosos y reiter\u00f3 el compromiso de la Iglesia para erradicar la pedofilia, tras la divulgaci\u00f3n la v\u00edspera del informe sobre el excardenal Theodore McCarrick.<\/p>\n<p>\u00abAyer se public\u00f3 el informe sobre el doloroso caso del ex cardenal Theodore McCarrick\u00bb, afirm\u00f3 el papa al t\u00e9rmino de la audiencia de mi\u00e9rcoles celebrada en streaming desde la biblioteca del Palacio Apost\u00f3lico.<\/p>\n<p>\u00abRenuevo mi cercan\u00eda a las v\u00edctimas de cada abuso y el compromiso de la Iglesia para erradicar este mal\u00bb, agreg\u00f3.<\/p>\n<p>El Vaticano public\u00f3 el martes un informe de 450 p\u00e1ginas, elaborado a pedido del papa Francisco, sobre el caso del ex cardenal y arzobispo de Washington, despojado de su t\u00edtulo en 2018 a los 87 a\u00f1os, y en 2019 de su condici\u00f3n de sacerdote, tras acusaciones de abusos sexuales a menores.<\/p>\n<p>En el informe, el Vaticano excluye que existiera una conspiraci\u00f3n del silencio para proteger al influyente cardenal estadounidense, aunque reconoce una cadena de errores y omisiones internas que favorecieron su espectacular carrera eclesi\u00e1stica.<\/p>\n<p>McCarrick, que desempe\u00f1\u00f3 por d\u00e9cadas un papel clave en la recaudaci\u00f3n de fondos para la Santa Sede por parte de donantes estadounidenses adinerados, se hac\u00eda llamar \u00abT\u00edo Ted\u00bb.<\/p>\n<p>Se trata de la investigaci\u00f3n p\u00fablica m\u00e1s amplia que la iglesia ha realizado en las \u00faltimas d\u00e9cadas sobre un purpurado.<\/p>\n<p>\u00abEl Informe McCarrick, una dolorosa p\u00e1gina de la cual la Iglesia aprende\u00bb, reconoci\u00f3 Andrea Tornielli, director editorial del ministerio para la Comunicaci\u00f3n del Vaticano.<\/p>\n<p>\u00abEl informe representa tambi\u00e9n un acto de solicitud y cuidado pastoral del papa Francisco hacia la comunidad cat\u00f3lica estadounidense, herida y desconcertada por el hecho de que McCarrick haya podido llegar a ocupar roles tan altos en la jerarqu\u00eda\u00bb, escribi\u00f3 Tornielli en la p\u00e1gina web de Vaticano.<\/p>\n<p>La investigaci\u00f3n fue iniciada a mediados de 2018, dur\u00f3 dos a\u00f1os y analiza el ascenso al poder del poderoso arzobispo de Washington, actualmente de 90 a\u00f1os, quien fue por d\u00e9cadas amigo y confidente de presidentes, primeros ministros y atletas profesionales, adem\u00e1s de ser un conocido diplom\u00e1tico a favor de la paz.<\/p>\n<p>Pese a su fama de pederasta y quejas internas recibidas a partir de la d\u00e9cada del 90, McCarrick lleg\u00f3 a ser uno los l\u00edderes m\u00e1s populares y conocidos de la Iglesia cat\u00f3lica de Estados Unidos.<\/p>\n<p>&nbsp;<\/p>\n<p>Fuente:\u00a0 AFP<\/p>\n","protected":false},"excerpt":{"rendered":"<p>El papa Francisco manifest\u00f3 este mi\u00e9rcoles su solidaridad con las <a href=\"https:\/\/sertv.gob.pa\/crisolfm\/el-papa-reitera-su-compromiso-contra-la-pedofilia-tras-el-informe-mccarrick\/\"> [&#8230;]<\/a><\/p>\n","protected":false},"author":64,"featured_media":35186,"comment_status":"closed","ping_status":"closed","sticky":false,"template":"","format":"standard","meta":{"footnotes":""},"categories":[6],"tags":[],"class_list":["post-35185","post","type-post","status-publish","format-standard","has-post-thumbnail","hentry","category-culturales"],"_links":{"self":[{"href":"https:\/\/sertv.gob.pa\/crisolfm\/wp-json\/wp\/v2\/posts\/35185","targetHints":{"allow":["GET"]}}],"collection":[{"href":"https:\/\/sertv.gob.pa\/crisolfm\/wp-json\/wp\/v2\/posts"}],"about":[{"href":"https:\/\/sertv.gob.pa\/crisolfm\/wp-json\/wp\/v2\/types\/post"}],"author":[{"embeddable":true,"href":"https:\/\/sertv.gob.pa\/crisolfm\/wp-json\/wp\/v2\/users\/64"}],"replies":[{"embeddable":true,"href":"https:\/\/sertv.gob.pa\/crisolfm\/wp-json\/wp\/v2\/comments?post=35185"}],"version-history":[{"count":1,"href":"https:\/\/sertv.gob.pa\/crisolfm\/wp-json\/wp\/v2\/posts\/35185\/revisions"}],"predecessor-version":[{"id":35187,"href":"https:\/\/sertv.gob.pa\/crisolfm\/wp-json\/wp\/v2\/posts\/35185\/revisions\/35187"}],"wp:featuredmedia":[{"embeddable":true,"href":"https:\/\/sertv.gob.pa\/crisolfm\/wp-json\/wp\/v2\/media\/35186"}],"wp:attachment":[{"href":"https:\/\/sertv.gob.pa\/crisolfm\/wp-json\/wp\/v2\/media?parent=35185"}],"wp:term":[{"taxonomy":"category","embeddable":true,"href":"https:\/\/sertv.gob.pa\/crisolfm\/wp-json\/wp\/v2\/categories?post=35185"},{"taxonomy":"post_tag","embeddable":true,"href":"https:\/\/sertv.gob.pa\/crisolfm\/wp-json\/wp\/v2\/tags?post=35185"}],"curies":[{"name":"wp","href":"https:\/\/api.w.org\/{rel}","templated":true}]}}