{"id":35189,"date":"2020-11-11T16:54:03","date_gmt":"2020-11-11T16:54:03","guid":{"rendered":"https:\/\/sertv.gob.pa\/crisolfm\/?p=35189"},"modified":"2020-11-11T16:54:03","modified_gmt":"2020-11-11T16:54:03","slug":"paul-mccartney-se-une-a-surfers-for-climate-de-australia","status":"publish","type":"post","link":"https:\/\/sertv.gob.pa\/crisolfm\/paul-mccartney-se-une-a-surfers-for-climate-de-australia\/","title":{"rendered":"Paul McCartney se une a &#8216;Surfers For Climate&#8217; de Australia"},"content":{"rendered":"<p>El m\u00fasico brit\u00e1nico Paul McCartney se ha unido a la organizaci\u00f3n clim\u00e1tica australiana, Surfers For Climate (surferos por el clima), a los que ha apoyado con el estreno en exclusiva del v\u00eddeo musical de su nueva canci\u00f3n &#8216;Wine Dark Open Sea&#8217; (oscuro mar abierto) este mi\u00e9rcoles 11 de noviembre.<\/p>\n<p>El v\u00eddeo est\u00e1 dirigido por el cineasta, Jack McCoy, y seg\u00fan <strong>cuenta European Climate Foundation<\/strong> (Fundaci\u00f3n del clima europeo), esta es la segunda vez que el m\u00fasico cuenta con este director tras el estreno del v\u00eddeo para la canci\u00f3n Blue Sway, que gan\u00f3 el premio al mejor v\u00eddeo musical en los principales festivales de cine del mundo.<\/p>\n<p>\u00abEstoy encantado de apoyar a Surfers For Climate. Su trabajo es algo que realmente me atrae, ya que todos tenemos la responsabilidad de poner nuestro granito de arena. Junto con una pasi\u00f3n compartida por los mares y oc\u00e9anos de todo el mundo por la positiva acci\u00f3n clim\u00e1tica\u00bb, ha dicho Paul McCartney.<\/p>\n<p>El v\u00eddeo, tal y como cuenta la fundaci\u00f3n, muestra a la ex campeona de <strong>surf y cofundadora de Surfers For Climate<\/strong>, Belinda Baggs, y el mensaje que desea trasladar es que los espectadores abran sus \u00abcorazones al oc\u00e9ano\u00bb. En este sentido, Paul McCartney ha reiterado en numerosas ocasiones su apoyo en la lucha contra el cambio clim\u00e1tico y ha llegado a decir que \u00abla cosa m\u00e1s est\u00fapida de la historia\u00bb es la gente que niega el cambio clim\u00e1tico.<\/p>\n<p>Adem\u00e1s, tambi\u00e9n ha llamado al ex presidente de los Estados Unidos, Donald Trump, \u00abcapit\u00e1n loco\u00bb al afirmar que \u00abest\u00e1 llevando a todo el mundo hacia un desastre clim\u00e1tico\u00bb. Sobre el v\u00eddeo de su canci\u00f3n, McCartney cree que el \u00abbaile\u00bb de Belinda Baggs en el agua es un \u00abpoderoso recordatorio\u00bb sobre los \u00abincre\u00edbles\u00bb que son los oc\u00e9anos y as\u00ed trasladar que necesitan la ayuda de todos para protegerlos y preservar \u00absu maravilla\u00bb para las generaciones venideras.<\/p>\n<p>\u00abPara los surfistas, el oc\u00e9ano es vida. El cambio clim\u00e1tico, alimentado por <strong>los combustibles f\u00f3siles<\/strong>, amenaza a todas las formas de vida. Nuestro objetivo es simple, queremos transmitir un oc\u00e9ano saludable a las generaciones futuras\u00bb, ha explicado la surfera y cofundadora de la organizaci\u00f3n, Belinda Baggs. Los espectadores podr\u00e1n ver el estreno en la plataforma Epicentre.tv durante los pr\u00f3ximos tres meses, adem\u00e1s de realizar una donaci\u00f3n de cinco d\u00f3lares que se destinar\u00e1n a apoyar dos organizaciones asociadas a Surfers For Climate..<\/p>\n<p>&nbsp;<\/p>\n<p>Fuente:\u00a0 ECOticias<\/p>\n<p>&nbsp;<\/p>\n","protected":false},"excerpt":{"rendered":"<p>El m\u00fasico brit\u00e1nico Paul McCartney se ha unido a la <a href=\"https:\/\/sertv.gob.pa\/crisolfm\/paul-mccartney-se-une-a-surfers-for-climate-de-australia\/\"> [&#8230;]<\/a><\/p>\n","protected":false},"author":64,"featured_media":35190,"comment_status":"closed","ping_status":"closed","sticky":false,"template":"","format":"standard","meta":{"footnotes":""},"categories":[7],"tags":[],"class_list":["post-35189","post","type-post","status-publish","format-standard","has-post-thumbnail","hentry","category-ecologicas"],"_links":{"self":[{"href":"https:\/\/sertv.gob.pa\/crisolfm\/wp-json\/wp\/v2\/posts\/35189","targetHints":{"allow":["GET"]}}],"collection":[{"href":"https:\/\/sertv.gob.pa\/crisolfm\/wp-json\/wp\/v2\/posts"}],"about":[{"href":"https:\/\/sertv.gob.pa\/crisolfm\/wp-json\/wp\/v2\/types\/post"}],"author":[{"embeddable":true,"href":"https:\/\/sertv.gob.pa\/crisolfm\/wp-json\/wp\/v2\/users\/64"}],"replies":[{"embeddable":true,"href":"https:\/\/sertv.gob.pa\/crisolfm\/wp-json\/wp\/v2\/comments?post=35189"}],"version-history":[{"count":1,"href":"https:\/\/sertv.gob.pa\/crisolfm\/wp-json\/wp\/v2\/posts\/35189\/revisions"}],"predecessor-version":[{"id":35197,"href":"https:\/\/sertv.gob.pa\/crisolfm\/wp-json\/wp\/v2\/posts\/35189\/revisions\/35197"}],"wp:featuredmedia":[{"embeddable":true,"href":"https:\/\/sertv.gob.pa\/crisolfm\/wp-json\/wp\/v2\/media\/35190"}],"wp:attachment":[{"href":"https:\/\/sertv.gob.pa\/crisolfm\/wp-json\/wp\/v2\/media?parent=35189"}],"wp:term":[{"taxonomy":"category","embeddable":true,"href":"https:\/\/sertv.gob.pa\/crisolfm\/wp-json\/wp\/v2\/categories?post=35189"},{"taxonomy":"post_tag","embeddable":true,"href":"https:\/\/sertv.gob.pa\/crisolfm\/wp-json\/wp\/v2\/tags?post=35189"}],"curies":[{"name":"wp","href":"https:\/\/api.w.org\/{rel}","templated":true}]}}