{"id":35194,"date":"2020-11-11T16:20:10","date_gmt":"2020-11-11T16:20:10","guid":{"rendered":"https:\/\/sertv.gob.pa\/crisolfm\/?p=35194"},"modified":"2020-11-11T16:20:10","modified_gmt":"2020-11-11T16:20:10","slug":"micultura-y-cooperacion-espanola-establecen-iniciativas-rumbo-al-bicentenario","status":"publish","type":"post","link":"https:\/\/sertv.gob.pa\/crisolfm\/micultura-y-cooperacion-espanola-establecen-iniciativas-rumbo-al-bicentenario\/","title":{"rendered":"MiCultura y cooperaci\u00f3n espa\u00f1ola establecen iniciativas rumbo al bicentenario"},"content":{"rendered":"<p>El ministro de Cultura, Carlos Aguilar Navarro, y el director de la Agencia Espa\u00f1ola de Cooperaci\u00f3n Internacional para el Desarrollo (AECID), Magdy Mart\u00ednez Solim\u00e1n, sostuvieron un encuentro para establecer una serie de acuerdos e iniciativas para la celebraci\u00f3n del bicentenario de Panam\u00e1 de Espa\u00f1a en noviembre 2021, en el que tambi\u00e9n particip\u00f3 el embajador espa\u00f1ol en Panam\u00e1, Javier Pagalday Gastelurrutia.<\/p>\n<p>Carlos Aguilar Navarro, manifest\u00f3 su complacencia en recibir a ambas autoridades, las cuales trajeron muy buenas noticias y con las que se convers\u00f3 sobre retomar proyectos, ejecutar nuevos planes de cooperaci\u00f3n cultural, as\u00ed como estrechar los lazos de colaboraci\u00f3n y comunicaci\u00f3n y dialogar sobre el impacto de la covid-19 en el \u00e1mbito cultural.<\/p>\n<p>Mart\u00ednez y Aguilar conversaron adem\u00e1s sobre proyectos como el Centro Nacional de Folklore, la Red de Bibliotecas, una serie de iniciativas para apoyar al sector de la cultura tanto en Panam\u00e1 como en Espa\u00f1a, y sobre un enclave cultural para aportar en la celebraci\u00f3n del bicentenario.<\/p>\n<p>Mart\u00ednez Solim\u00e1n, que comenz\u00f3 este lunes una visita a Panam\u00e1 para identificar prioridades de cara a un nuevo marco de cooperaci\u00f3n y apoyar la celebraci\u00f3n del bicentenario de la independencia, en su visita al jefe de la cartera cultural paname\u00f1a destac\u00f3 que entre los objetivos de esta sesi\u00f3n es apoyar la gesti\u00f3n de Panam\u00e1 y ser part\u00edcipes de esta celebraci\u00f3n, queremos un enclave cultural, sentimos que es la manera de celebrar nuestra cultura, agreg\u00f3.<\/p>\n<p>Por su parte Pagalday Gastelurrutia, indic\u00f3 que en esta reuni\u00f3n se dialog\u00f3 sobre como como apoyar a la cultura tanto en Panam\u00e1 como en Espa\u00f1a y de lo que queremos hacer en el a\u00f1o venidero y ver la manera creativa en la cual la poblaci\u00f3n pueda consumir cultura.<\/p>\n<p>&nbsp;<\/p>\n<p>Fuente:\u00a0 MiCultura<\/p>\n","protected":false},"excerpt":{"rendered":"<p>El ministro de Cultura, Carlos Aguilar Navarro, y el director <a href=\"https:\/\/sertv.gob.pa\/crisolfm\/micultura-y-cooperacion-espanola-establecen-iniciativas-rumbo-al-bicentenario\/\"> [&#8230;]<\/a><\/p>\n","protected":false},"author":64,"featured_media":35195,"comment_status":"closed","ping_status":"closed","sticky":false,"template":"","format":"standard","meta":{"footnotes":""},"categories":[6],"tags":[],"class_list":["post-35194","post","type-post","status-publish","format-standard","has-post-thumbnail","hentry","category-culturales"],"_links":{"self":[{"href":"https:\/\/sertv.gob.pa\/crisolfm\/wp-json\/wp\/v2\/posts\/35194","targetHints":{"allow":["GET"]}}],"collection":[{"href":"https:\/\/sertv.gob.pa\/crisolfm\/wp-json\/wp\/v2\/posts"}],"about":[{"href":"https:\/\/sertv.gob.pa\/crisolfm\/wp-json\/wp\/v2\/types\/post"}],"author":[{"embeddable":true,"href":"https:\/\/sertv.gob.pa\/crisolfm\/wp-json\/wp\/v2\/users\/64"}],"replies":[{"embeddable":true,"href":"https:\/\/sertv.gob.pa\/crisolfm\/wp-json\/wp\/v2\/comments?post=35194"}],"version-history":[{"count":1,"href":"https:\/\/sertv.gob.pa\/crisolfm\/wp-json\/wp\/v2\/posts\/35194\/revisions"}],"predecessor-version":[{"id":35196,"href":"https:\/\/sertv.gob.pa\/crisolfm\/wp-json\/wp\/v2\/posts\/35194\/revisions\/35196"}],"wp:featuredmedia":[{"embeddable":true,"href":"https:\/\/sertv.gob.pa\/crisolfm\/wp-json\/wp\/v2\/media\/35195"}],"wp:attachment":[{"href":"https:\/\/sertv.gob.pa\/crisolfm\/wp-json\/wp\/v2\/media?parent=35194"}],"wp:term":[{"taxonomy":"category","embeddable":true,"href":"https:\/\/sertv.gob.pa\/crisolfm\/wp-json\/wp\/v2\/categories?post=35194"},{"taxonomy":"post_tag","embeddable":true,"href":"https:\/\/sertv.gob.pa\/crisolfm\/wp-json\/wp\/v2\/tags?post=35194"}],"curies":[{"name":"wp","href":"https:\/\/api.w.org\/{rel}","templated":true}]}}