{"id":35990,"date":"2020-12-16T17:08:07","date_gmt":"2020-12-16T17:08:07","guid":{"rendered":"https:\/\/sertv.gob.pa\/crisolfm\/?p=35990"},"modified":"2020-12-16T17:08:07","modified_gmt":"2020-12-16T17:08:07","slug":"el-chamame-argentino-reconocido-como-patrimonio-inmaterial-de-la-unesco","status":"publish","type":"post","link":"https:\/\/sertv.gob.pa\/crisolfm\/el-chamame-argentino-reconocido-como-patrimonio-inmaterial-de-la-unesco\/","title":{"rendered":"El \u00abchamam\u00e9\u00bb argentino reconocido como patrimonio inmaterial de la Unesco"},"content":{"rendered":"<p><strong><em>Par\u00eds, (EFE).- <\/em><\/strong><\/p>\n<p><strong><em>\u00a0<\/em><\/strong><\/p>\n<p>La pr\u00e1ctica del \u00abchamam\u00e9\u00bb argentino, muy extendido en la provincias de Corrientes, fue reconocida este mi\u00e9rcoles como patrimonio cultural inmaterial de la humanidad que elabora la Unesco.<\/p>\n<p>Una danza en la que los ejecutantes bailan fuertemente abrazados y los eventos festivos llamados \u00abmusiqueadas\u00bb, invitaciones, plegarias y el peculiar grito conocido como \u00absapukay\u00bb constituyen esta expresi\u00f3n ahora reconocida por la Organizaci\u00f3n de la ONU para la Educaci\u00f3n, la Ciencia y la Cultura (Unesco).<\/p>\n<p>En su origen, la m\u00fasica y las letras de las canciones del \u00abchamam\u00e9\u00bb eran las de cantatas religiosas interpretadas en la lengua aut\u00f3ctona de la regi\u00f3n, el guaran\u00ed, pero actualmente se transmiten en dialecto yopar\u00e1, mezcla de \u00e9ste con el espa\u00f1ol.<\/p>\n<p>El \u00absapukay\u00bb es un grito lanzado con un movimiento del cuerpo que expresa emociones de alegr\u00eda, tristeza, dolor o valent\u00eda.<\/p>\n<p>La m\u00fasica y el baile de este elemento del patrimonio cultural inmaterial suelen estar siempre presentes en todo tipo de celebraciones comunitarias, familiares, religiosas y festivas.<\/p>\n<p>El ministro de Educaci\u00f3n de Argentina, Nicol\u00e1s Trotta, agradeci\u00f3 a la Unesco la inscripci\u00f3n en su lista de esta expresi\u00f3n, que \u00abpermitir\u00e1 al mundo poder disfrutarlo\u00bb.<\/p>\n<p>\u00abNacida en nuestra querida provincia de corrientes ahora se puede proyectar al mundo para poder ser disfrutado\u00bb, se\u00f1al\u00f3 en un v\u00eddeo.<\/p>\n<p>El gobernador de Corrientes, Gustavo Vald\u00e9s, por su parte, felicit\u00f3 \u00aba todos cuantos hicieron posible este logro de la cultura de Corrientes y de Argentina\u00bb, pero sobre todo a los m\u00fasicos que \u00abgeneran sentimientos \u00fanicos que nacen de lo m\u00e1s profundo del coraz\u00f3n\u00bb.<\/p>\n<p>&nbsp;<\/p>\n<p>&nbsp;<\/p>\n<p>Fuente: EFE<\/p>\n","protected":false},"excerpt":{"rendered":"<p>Par\u00eds, (EFE).- \u00a0 La pr\u00e1ctica del \u00abchamam\u00e9\u00bb argentino, muy extendido <a href=\"https:\/\/sertv.gob.pa\/crisolfm\/el-chamame-argentino-reconocido-como-patrimonio-inmaterial-de-la-unesco\/\"> [&#8230;]<\/a><\/p>\n","protected":false},"author":9,"featured_media":35991,"comment_status":"closed","ping_status":"closed","sticky":false,"template":"","format":"standard","meta":{"footnotes":""},"categories":[6],"tags":[],"class_list":["post-35990","post","type-post","status-publish","format-standard","has-post-thumbnail","hentry","category-culturales"],"_links":{"self":[{"href":"https:\/\/sertv.gob.pa\/crisolfm\/wp-json\/wp\/v2\/posts\/35990","targetHints":{"allow":["GET"]}}],"collection":[{"href":"https:\/\/sertv.gob.pa\/crisolfm\/wp-json\/wp\/v2\/posts"}],"about":[{"href":"https:\/\/sertv.gob.pa\/crisolfm\/wp-json\/wp\/v2\/types\/post"}],"author":[{"embeddable":true,"href":"https:\/\/sertv.gob.pa\/crisolfm\/wp-json\/wp\/v2\/users\/9"}],"replies":[{"embeddable":true,"href":"https:\/\/sertv.gob.pa\/crisolfm\/wp-json\/wp\/v2\/comments?post=35990"}],"version-history":[{"count":1,"href":"https:\/\/sertv.gob.pa\/crisolfm\/wp-json\/wp\/v2\/posts\/35990\/revisions"}],"predecessor-version":[{"id":35992,"href":"https:\/\/sertv.gob.pa\/crisolfm\/wp-json\/wp\/v2\/posts\/35990\/revisions\/35992"}],"wp:featuredmedia":[{"embeddable":true,"href":"https:\/\/sertv.gob.pa\/crisolfm\/wp-json\/wp\/v2\/media\/35991"}],"wp:attachment":[{"href":"https:\/\/sertv.gob.pa\/crisolfm\/wp-json\/wp\/v2\/media?parent=35990"}],"wp:term":[{"taxonomy":"category","embeddable":true,"href":"https:\/\/sertv.gob.pa\/crisolfm\/wp-json\/wp\/v2\/categories?post=35990"},{"taxonomy":"post_tag","embeddable":true,"href":"https:\/\/sertv.gob.pa\/crisolfm\/wp-json\/wp\/v2\/tags?post=35990"}],"curies":[{"name":"wp","href":"https:\/\/api.w.org\/{rel}","templated":true}]}}