{"id":36027,"date":"2020-12-17T21:05:18","date_gmt":"2020-12-17T21:05:18","guid":{"rendered":"https:\/\/sertv.gob.pa\/crisolfm\/?p=36027"},"modified":"2020-12-17T20:35:17","modified_gmt":"2020-12-17T20:35:17","slug":"panama-participa-por-primera-vez-como-miembro-del-comite-intergubernamental-para-la-salvaguardia-del-patrimonio-cultural-inmaterial-de-la-unesco","status":"publish","type":"post","link":"https:\/\/sertv.gob.pa\/crisolfm\/panama-participa-por-primera-vez-como-miembro-del-comite-intergubernamental-para-la-salvaguardia-del-patrimonio-cultural-inmaterial-de-la-unesco\/","title":{"rendered":"Panam\u00e1 participa por primera vez como miembro del Comit\u00e9 Intergubernamental para la Salvaguardia del Patrimonio Cultural Inmaterial de la UNESCO"},"content":{"rendered":"<p>Por primera vez, la Rep\u00fablica de Panam\u00e1, participa como Estado miembro en una sesi\u00f3n del Comit\u00e9 Intergubernamental de Patrimonio Cultural Inmaterial de la Organizaci\u00f3n de las Naciones Unidas para la Educaci\u00f3n, la Ciencia y la Cultura (UNESCO, por sus siglas en ingl\u00e9s). El pa\u00eds, est\u00e1 representado por la directora de Patrimonio Cultural del ministerio de Cultura, Katti Osorio; la embajadora y delegada Permanente ante la UNESCO Elia Guerra; la coordinadora General del Proyecto de salvaguardia del patrimonio cultural inmaterial del Ministerio de Cultura de Panam\u00e1, Emma G\u00f3mez, y la Segunda Secretaria en la Delegaci\u00f3n de Panam\u00e1 ante la UNESCO, Paola G\u00f3mez. La agenda, culmina este 19 de diciembre.<\/p>\n<p>Desde este espacio, nuestro pa\u00eds, espera contribuir estrechamente, durante los pr\u00f3ximos cuatro a\u00f1os, al logro de los objetivos de la Convenci\u00f3n para la Salvaguardia del Patrimonio Cultural Inmaterial, as\u00ed como ofrecer su asesoramiento a las mejores pr\u00e1cticas de salvaguardia, trabajar coordinadamente con los otros miembros del Comit\u00e9 Intergubernamental para evaluar la inscripci\u00f3n de nuevos elementos en las Listas del Patrimonio Cultural Inmaterial, as\u00ed como velar por la utilizaci\u00f3n adecuada de los recursos del Fondo para la Salvaguardia.<\/p>\n<p>A la fecha, Panam\u00e1, ha inscrito dos elementos en la Lista Representativa del Patrimonio Cultural Inmaterial, a saber: \u201cProcedimientos y t\u00e9cnicas artesanales de obtenci\u00f3n de fibras vegetales para talcos, pintos y crinejas del sombrero pintao\u00b4\u201d (2017), y \u201cExpresiones rituales y festivas de la cultura Congo\u201d (2018). En espera de evaluaci\u00f3n por parte del Comit\u00e9 Intergubernamental se encuentra la inscripci\u00f3n de \u201cBailes y expresiones asociadas a la festividad del Corpus Christi\u201d.<\/p>\n<p>&nbsp;<\/p>\n<p>Fuente: MIRE<\/p>\n<p>&nbsp;<\/p>\n","protected":false},"excerpt":{"rendered":"<p>Por primera vez, la Rep\u00fablica de Panam\u00e1, participa como Estado <a href=\"https:\/\/sertv.gob.pa\/crisolfm\/panama-participa-por-primera-vez-como-miembro-del-comite-intergubernamental-para-la-salvaguardia-del-patrimonio-cultural-inmaterial-de-la-unesco\/\"> [&#8230;]<\/a><\/p>\n","protected":false},"author":9,"featured_media":36028,"comment_status":"closed","ping_status":"closed","sticky":false,"template":"","format":"standard","meta":{"footnotes":""},"categories":[6],"tags":[],"class_list":["post-36027","post","type-post","status-publish","format-standard","has-post-thumbnail","hentry","category-culturales"],"_links":{"self":[{"href":"https:\/\/sertv.gob.pa\/crisolfm\/wp-json\/wp\/v2\/posts\/36027","targetHints":{"allow":["GET"]}}],"collection":[{"href":"https:\/\/sertv.gob.pa\/crisolfm\/wp-json\/wp\/v2\/posts"}],"about":[{"href":"https:\/\/sertv.gob.pa\/crisolfm\/wp-json\/wp\/v2\/types\/post"}],"author":[{"embeddable":true,"href":"https:\/\/sertv.gob.pa\/crisolfm\/wp-json\/wp\/v2\/users\/9"}],"replies":[{"embeddable":true,"href":"https:\/\/sertv.gob.pa\/crisolfm\/wp-json\/wp\/v2\/comments?post=36027"}],"version-history":[{"count":1,"href":"https:\/\/sertv.gob.pa\/crisolfm\/wp-json\/wp\/v2\/posts\/36027\/revisions"}],"predecessor-version":[{"id":36029,"href":"https:\/\/sertv.gob.pa\/crisolfm\/wp-json\/wp\/v2\/posts\/36027\/revisions\/36029"}],"wp:featuredmedia":[{"embeddable":true,"href":"https:\/\/sertv.gob.pa\/crisolfm\/wp-json\/wp\/v2\/media\/36028"}],"wp:attachment":[{"href":"https:\/\/sertv.gob.pa\/crisolfm\/wp-json\/wp\/v2\/media?parent=36027"}],"wp:term":[{"taxonomy":"category","embeddable":true,"href":"https:\/\/sertv.gob.pa\/crisolfm\/wp-json\/wp\/v2\/categories?post=36027"},{"taxonomy":"post_tag","embeddable":true,"href":"https:\/\/sertv.gob.pa\/crisolfm\/wp-json\/wp\/v2\/tags?post=36027"}],"curies":[{"name":"wp","href":"https:\/\/api.w.org\/{rel}","templated":true}]}}