{"id":36084,"date":"2020-12-22T09:30:42","date_gmt":"2020-12-22T09:30:42","guid":{"rendered":"https:\/\/sertv.gob.pa\/crisolfm\/?p=36084"},"modified":"2020-12-21T21:07:49","modified_gmt":"2020-12-21T21:07:49","slug":"privados-de-libertad-en-panama-exhiben-su-talento-en-el-bazar-de-navidad","status":"publish","type":"post","link":"https:\/\/sertv.gob.pa\/crisolfm\/privados-de-libertad-en-panama-exhiben-su-talento-en-el-bazar-de-navidad\/","title":{"rendered":"Privados de libertad, en Panam\u00e1, exhiben su talento en el \u201cBazar de Navidad\u201d"},"content":{"rendered":"<p>Muestras de creatividad, talento y laboriosidad de los privados de libertad, se encuentran actualmente en exhibici\u00f3n, en el patio interno del Ministerio de Gobierno de Panam\u00e1, en el tradicional \u201cBazar Navide\u00f1o\u201d.<\/p>\n<p>En esta actividad, que se dar\u00e1 hasta el pr\u00f3ximo 23 de diciembre, los privados de libertad, muestran sus creaciones, desde sillas tipo bar trabajadas en madera, pinturas, confecciones de vestidos, adornos navide\u00f1os, zapateras, guantes de cocina, y mucho m\u00e1s a m\u00f3dicos precios.<\/p>\n<p>Por su parte, la ministra de Gobierno, Janaina Tewaney Mencomo, exhort\u00f3 a la poblaci\u00f3n, para que apoyen el trabajo que desarrollan los privados, puesto que, con la compra de los art\u00edculos, se contribuye a los programas de resocializaci\u00f3n que impulsa el Ministerio de Gobierno, en beneficio de las personas privadas de libertad.<\/p>\n<p>&nbsp;<\/p>\n<p>Fuente: MINGOB<\/p>\n","protected":false},"excerpt":{"rendered":"<p>Muestras de creatividad, talento y laboriosidad de los privados de <a href=\"https:\/\/sertv.gob.pa\/crisolfm\/privados-de-libertad-en-panama-exhiben-su-talento-en-el-bazar-de-navidad\/\"> [&#8230;]<\/a><\/p>\n","protected":false},"author":9,"featured_media":36085,"comment_status":"closed","ping_status":"closed","sticky":false,"template":"","format":"standard","meta":{"footnotes":""},"categories":[6],"tags":[],"class_list":["post-36084","post","type-post","status-publish","format-standard","has-post-thumbnail","hentry","category-culturales"],"_links":{"self":[{"href":"https:\/\/sertv.gob.pa\/crisolfm\/wp-json\/wp\/v2\/posts\/36084","targetHints":{"allow":["GET"]}}],"collection":[{"href":"https:\/\/sertv.gob.pa\/crisolfm\/wp-json\/wp\/v2\/posts"}],"about":[{"href":"https:\/\/sertv.gob.pa\/crisolfm\/wp-json\/wp\/v2\/types\/post"}],"author":[{"embeddable":true,"href":"https:\/\/sertv.gob.pa\/crisolfm\/wp-json\/wp\/v2\/users\/9"}],"replies":[{"embeddable":true,"href":"https:\/\/sertv.gob.pa\/crisolfm\/wp-json\/wp\/v2\/comments?post=36084"}],"version-history":[{"count":1,"href":"https:\/\/sertv.gob.pa\/crisolfm\/wp-json\/wp\/v2\/posts\/36084\/revisions"}],"predecessor-version":[{"id":36090,"href":"https:\/\/sertv.gob.pa\/crisolfm\/wp-json\/wp\/v2\/posts\/36084\/revisions\/36090"}],"wp:featuredmedia":[{"embeddable":true,"href":"https:\/\/sertv.gob.pa\/crisolfm\/wp-json\/wp\/v2\/media\/36085"}],"wp:attachment":[{"href":"https:\/\/sertv.gob.pa\/crisolfm\/wp-json\/wp\/v2\/media?parent=36084"}],"wp:term":[{"taxonomy":"category","embeddable":true,"href":"https:\/\/sertv.gob.pa\/crisolfm\/wp-json\/wp\/v2\/categories?post=36084"},{"taxonomy":"post_tag","embeddable":true,"href":"https:\/\/sertv.gob.pa\/crisolfm\/wp-json\/wp\/v2\/tags?post=36084"}],"curies":[{"name":"wp","href":"https:\/\/api.w.org\/{rel}","templated":true}]}}