{"id":36145,"date":"2020-12-24T13:05:47","date_gmt":"2020-12-24T13:05:47","guid":{"rendered":"https:\/\/sertv.gob.pa\/crisolfm\/?p=36145"},"modified":"2020-12-23T20:22:32","modified_gmt":"2020-12-23T20:22:32","slug":"estudiante-panamena-logro-el-tercer-lugar-en-concurso-de-oratoria-de-costa-rica","status":"publish","type":"post","link":"https:\/\/sertv.gob.pa\/crisolfm\/estudiante-panamena-logro-el-tercer-lugar-en-concurso-de-oratoria-de-costa-rica\/","title":{"rendered":"Estudiante paname\u00f1a, logr\u00f3 el tercer lugar en concurso de oratoria de Costa Rica"},"content":{"rendered":"<p>&nbsp;<\/p>\n<p>La estudiante paname\u00f1a, Elim Graell, del Instituto Sun Yat Sen (Colegio Chino Paname\u00f1o), obtuvo el tercer lugar, en el Concurso Internacional de Oratoria Flores de la Di\u00e1spora Africana, organizado por la Fundaci\u00f3n Arte y Cultura para el Desarrollo (\u00a0\u00a0 FUACDE), con sede en Costa Rica.<\/p>\n<p>La escogencia del representante para el concurso internacional, se lleva a cabo, por medio de un concurso de oratoria el cual es organizado por el Ministerio de Educaci\u00f3n, con la coordinaci\u00f3n de la Direcci\u00f3n Nacional de Educaci\u00f3n Media Profesional y T\u00e9cnica y la Secretar\u00eda Nacional para el Desarrollo de los Afrodescendientes Coordinadora Nacional de Organizaciones Negras Paname\u00f1as.<\/p>\n<p>Cabe recordar, que en el a\u00f1o 2018, Panam\u00e1, gan\u00f3 el primer lugar, en este certamen, bajo la representaci\u00f3n de la Regi\u00f3n Educativa de Veraguas y, en el 2019, el segundo lugar, representado en esa ocasi\u00f3n, por la Regi\u00f3n Educativa de Col\u00f3n.<\/p>\n<p>Los pa\u00edses participantes de la oratoria este a\u00f1o 2020, adem\u00e1s de Panam\u00e1, fueron: M\u00e9xico, Guatemala, Honduras, El Salvador, Costa Rica, Rep\u00fablica Dominicana, Cuba, Colombia, Ecuador, Per\u00fa, Chile, Uruguay, Argentina y Espa\u00f1a.<\/p>\n<p>&nbsp;<\/p>\n<p>Fuente: MEDUCA<\/p>\n<p>&nbsp;<\/p>\n","protected":false},"excerpt":{"rendered":"<p>&nbsp; La estudiante paname\u00f1a, Elim Graell, del Instituto Sun Yat <a href=\"https:\/\/sertv.gob.pa\/crisolfm\/estudiante-panamena-logro-el-tercer-lugar-en-concurso-de-oratoria-de-costa-rica\/\"> [&#8230;]<\/a><\/p>\n","protected":false},"author":9,"featured_media":36146,"comment_status":"closed","ping_status":"closed","sticky":false,"template":"","format":"standard","meta":{"footnotes":""},"categories":[6],"tags":[],"class_list":["post-36145","post","type-post","status-publish","format-standard","has-post-thumbnail","hentry","category-culturales"],"_links":{"self":[{"href":"https:\/\/sertv.gob.pa\/crisolfm\/wp-json\/wp\/v2\/posts\/36145","targetHints":{"allow":["GET"]}}],"collection":[{"href":"https:\/\/sertv.gob.pa\/crisolfm\/wp-json\/wp\/v2\/posts"}],"about":[{"href":"https:\/\/sertv.gob.pa\/crisolfm\/wp-json\/wp\/v2\/types\/post"}],"author":[{"embeddable":true,"href":"https:\/\/sertv.gob.pa\/crisolfm\/wp-json\/wp\/v2\/users\/9"}],"replies":[{"embeddable":true,"href":"https:\/\/sertv.gob.pa\/crisolfm\/wp-json\/wp\/v2\/comments?post=36145"}],"version-history":[{"count":1,"href":"https:\/\/sertv.gob.pa\/crisolfm\/wp-json\/wp\/v2\/posts\/36145\/revisions"}],"predecessor-version":[{"id":36147,"href":"https:\/\/sertv.gob.pa\/crisolfm\/wp-json\/wp\/v2\/posts\/36145\/revisions\/36147"}],"wp:featuredmedia":[{"embeddable":true,"href":"https:\/\/sertv.gob.pa\/crisolfm\/wp-json\/wp\/v2\/media\/36146"}],"wp:attachment":[{"href":"https:\/\/sertv.gob.pa\/crisolfm\/wp-json\/wp\/v2\/media?parent=36145"}],"wp:term":[{"taxonomy":"category","embeddable":true,"href":"https:\/\/sertv.gob.pa\/crisolfm\/wp-json\/wp\/v2\/categories?post=36145"},{"taxonomy":"post_tag","embeddable":true,"href":"https:\/\/sertv.gob.pa\/crisolfm\/wp-json\/wp\/v2\/tags?post=36145"}],"curies":[{"name":"wp","href":"https:\/\/api.w.org\/{rel}","templated":true}]}}