{"id":36203,"date":"2020-12-28T16:09:47","date_gmt":"2020-12-28T16:09:47","guid":{"rendered":"https:\/\/sertv.gob.pa\/crisolfm\/?p=36203"},"modified":"2020-12-28T16:10:06","modified_gmt":"2020-12-28T16:10:06","slug":"en-panama-iberescena-otorga-ayudas-2020-2021","status":"publish","type":"post","link":"https:\/\/sertv.gob.pa\/crisolfm\/en-panama-iberescena-otorga-ayudas-2020-2021\/","title":{"rendered":"En Panam\u00e1, IBERESCENA otorga Ayudas 2020-2021"},"content":{"rendered":"<p>Cuatro compa\u00f1\u00edas dedicadas a las artes esc\u00e9nicas en Panam\u00e1, fueron beneficiadas con las recientes Ayudas 2020-2021 para las Artes Esc\u00e9nicas Iberoamericanas de IBERESCENA, y que fueron dadas a conocer en la reuni\u00f3n virtual XXIX, sostenida por los miembros del Consejo Intergubernamental de este Programa, en la que Panam\u00e1, forma parte a trav\u00e9s del Ministerio de Cultura.<\/p>\n<p>Entre las ayudas otorgadas por el programa, tenemos a la Coproducci\u00f3n de Espect\u00e1culos de Artes esc\u00e9nicas a ART DANCE STUDIO, S.A. con el proyecto \u201cLa Casa\u201d, Fundaci\u00f3n Gramo DANSE con Oneiros (antes \u201cSue\u00f1os\u201d) y Nyra Sober\u00f3n Torch\u00eda, con La historia de todo Panam\u00e1.<\/p>\n<p>Por su parte, Fundaci\u00f3n Prisma Danza con el Festival PRISMA Danza, le fue otorgada la Ayuda a la Programaci\u00f3n de Festivales y Espacios Esc\u00e9nicos.<\/p>\n<p>Acorde a nota de prensa de sus organizadores en su p\u00e1gina web \u201cTras el establecimiento del Fondo 2021 con un monto total de 957.774,56 euros, el Consejo Intergubernamental otorg\u00f3 un total de 112 ayudas para realizar proyectos en los 16 Pa\u00edses Miembros a lo largo del pr\u00f3ximo a\u00f1o.<\/p>\n<p>Cabe mencionar, que en la reuni\u00f3n, tambi\u00e9n se eligi\u00f3 al nuevo presidente Carlos La Rosa, actual director de la Direcci\u00f3n de Artes del Ministerio de Cultura del Per\u00fa, como nuevo Presidente del Programa IBERESCENA.<\/p>\n<p>La titularidad de la Presidencia, tendr\u00e1 una duraci\u00f3n anual, prorrogable por otro a\u00f1o natural, tal y como establece el Reglamento del Programa IBERESCENA.<\/p>\n<p>IBERESCENA est\u00e1 integrada por 16 pa\u00edses los cuales realizan una aportaci\u00f3n anual de recursos que constituyen un fondo econ\u00f3mico concursable, abierto a profesionales de las artes esc\u00e9nicas que residen en los pa\u00edses miembros del programa.<\/p>\n<p>&nbsp;<\/p>\n<p>Fuente: MiCultura<\/p>\n<p>&nbsp;<\/p>\n","protected":false},"excerpt":{"rendered":"<p>Cuatro compa\u00f1\u00edas dedicadas a las artes esc\u00e9nicas en Panam\u00e1, fueron <a href=\"https:\/\/sertv.gob.pa\/crisolfm\/en-panama-iberescena-otorga-ayudas-2020-2021\/\"> [&#8230;]<\/a><\/p>\n","protected":false},"author":9,"featured_media":36204,"comment_status":"closed","ping_status":"closed","sticky":false,"template":"","format":"standard","meta":{"footnotes":""},"categories":[6],"tags":[],"class_list":["post-36203","post","type-post","status-publish","format-standard","has-post-thumbnail","hentry","category-culturales"],"_links":{"self":[{"href":"https:\/\/sertv.gob.pa\/crisolfm\/wp-json\/wp\/v2\/posts\/36203","targetHints":{"allow":["GET"]}}],"collection":[{"href":"https:\/\/sertv.gob.pa\/crisolfm\/wp-json\/wp\/v2\/posts"}],"about":[{"href":"https:\/\/sertv.gob.pa\/crisolfm\/wp-json\/wp\/v2\/types\/post"}],"author":[{"embeddable":true,"href":"https:\/\/sertv.gob.pa\/crisolfm\/wp-json\/wp\/v2\/users\/9"}],"replies":[{"embeddable":true,"href":"https:\/\/sertv.gob.pa\/crisolfm\/wp-json\/wp\/v2\/comments?post=36203"}],"version-history":[{"count":1,"href":"https:\/\/sertv.gob.pa\/crisolfm\/wp-json\/wp\/v2\/posts\/36203\/revisions"}],"predecessor-version":[{"id":36206,"href":"https:\/\/sertv.gob.pa\/crisolfm\/wp-json\/wp\/v2\/posts\/36203\/revisions\/36206"}],"wp:featuredmedia":[{"embeddable":true,"href":"https:\/\/sertv.gob.pa\/crisolfm\/wp-json\/wp\/v2\/media\/36204"}],"wp:attachment":[{"href":"https:\/\/sertv.gob.pa\/crisolfm\/wp-json\/wp\/v2\/media?parent=36203"}],"wp:term":[{"taxonomy":"category","embeddable":true,"href":"https:\/\/sertv.gob.pa\/crisolfm\/wp-json\/wp\/v2\/categories?post=36203"},{"taxonomy":"post_tag","embeddable":true,"href":"https:\/\/sertv.gob.pa\/crisolfm\/wp-json\/wp\/v2\/tags?post=36203"}],"curies":[{"name":"wp","href":"https:\/\/api.w.org\/{rel}","templated":true}]}}