{"id":36248,"date":"2020-12-29T21:06:23","date_gmt":"2020-12-29T21:06:23","guid":{"rendered":"https:\/\/sertv.gob.pa\/crisolfm\/?p=36248"},"modified":"2020-12-29T20:45:16","modified_gmt":"2020-12-29T20:45:16","slug":"mi-cultura-en-casa-lanza-programacion-de-fin-de-ano-en-panama","status":"publish","type":"post","link":"https:\/\/sertv.gob.pa\/crisolfm\/mi-cultura-en-casa-lanza-programacion-de-fin-de-ano-en-panama\/","title":{"rendered":"Mi Cultura en Casa lanza programaci\u00f3n de fin de a\u00f1o, en Panam\u00e1"},"content":{"rendered":"<p>\u201cUn a\u00f1o nuevo solidario\u201d es el tema del concierto en cadena nacional que presentar\u00e1 el Gobierno Nacional a trav\u00e9s del Ministerio de Cultura en alianza con SERTV, transmisi\u00f3n que se llevar\u00e1 a cabo el jueves 31 de diciembre a las 10:00 p.m.<\/p>\n<p>Ser\u00e1n tres horas con orquestas nacionales de la talla de la Kshamba, Sociedad An\u00f3nima y Salsa Proyect, quienes los pondr\u00e1n a bailar con \u00e9xitos r\u00edtmicos de Gilberto Santa Rosa, Tito Rojas entre otros grandes artistas internacionales desde el Teatro Balboa.<\/p>\n<p>Las familias paname\u00f1as disfrutar\u00e1n de este gran evento art\u00edstico, a trav\u00e9s de las pantallas de SERTV, Corporaci\u00f3n Medcom: RPC canal 4, Telemetro Canal 13, Televisora Nacional Canal 2, TVMax y NexTv; as\u00ed como en todas las plataformas digitales del Ministerio de Cultura.<\/p>\n<p>Nuestra programaci\u00f3n empieza el 31 de diciembre a trav\u00e9s de nuestras plataformas digitales youtube, Instagram y Facebook con una programaci\u00f3n variada y armada de la siguiente manera:<\/p>\n<p>5:00 p.m. Resumen de Navidad por Carretera, seguido del Concierto Sinf\u00f3nica Nacional a las 6:00 p.m., continuando a las 7:00 p.m., con Mi Cultura en Casa, y la Cantadera por Carretera con Dario Pitty, siguiendo con tributo a Pedro Azael desde las 8:00 p.m., para cerrar la noche desde las 9:00 p.m. con los conciertos de Italian Somal\u00ed y Dubosk y a las 10:00 p.m., el concierto de \u201cUn a\u00f1o solidario\u201d en una cuenta regresiva, esperando el nuevo a\u00f1o, en cadena nacional.<\/p>\n<p>D\u00e1ndole la bienvenida al a\u00f1o nuevo, el 1 de enero desde las 5:00 p.m., presentaremos Cantadera por Carretera desde Guarar\u00e9, sigue la programaci\u00f3n con m\u00fasica ya, show de Idania Dowman a las 8:00 p.m. y un gran concierto con los Combos Nacionales a las 10:00 p.m.<\/p>\n<p>Para m\u00e1s informaci\u00f3n y novedades s\u00edganos en nuestras redes sociales y p\u00e1gina web.<\/p>\n<p>&nbsp;<\/p>\n<p>Fuente: Mi Cultura<\/p>\n","protected":false},"excerpt":{"rendered":"<p>\u201cUn a\u00f1o nuevo solidario\u201d es el tema del concierto en <a href=\"https:\/\/sertv.gob.pa\/crisolfm\/mi-cultura-en-casa-lanza-programacion-de-fin-de-ano-en-panama\/\"> [&#8230;]<\/a><\/p>\n","protected":false},"author":9,"featured_media":36249,"comment_status":"closed","ping_status":"closed","sticky":false,"template":"","format":"standard","meta":{"footnotes":""},"categories":[6],"tags":[],"class_list":["post-36248","post","type-post","status-publish","format-standard","has-post-thumbnail","hentry","category-culturales"],"_links":{"self":[{"href":"https:\/\/sertv.gob.pa\/crisolfm\/wp-json\/wp\/v2\/posts\/36248","targetHints":{"allow":["GET"]}}],"collection":[{"href":"https:\/\/sertv.gob.pa\/crisolfm\/wp-json\/wp\/v2\/posts"}],"about":[{"href":"https:\/\/sertv.gob.pa\/crisolfm\/wp-json\/wp\/v2\/types\/post"}],"author":[{"embeddable":true,"href":"https:\/\/sertv.gob.pa\/crisolfm\/wp-json\/wp\/v2\/users\/9"}],"replies":[{"embeddable":true,"href":"https:\/\/sertv.gob.pa\/crisolfm\/wp-json\/wp\/v2\/comments?post=36248"}],"version-history":[{"count":1,"href":"https:\/\/sertv.gob.pa\/crisolfm\/wp-json\/wp\/v2\/posts\/36248\/revisions"}],"predecessor-version":[{"id":36250,"href":"https:\/\/sertv.gob.pa\/crisolfm\/wp-json\/wp\/v2\/posts\/36248\/revisions\/36250"}],"wp:featuredmedia":[{"embeddable":true,"href":"https:\/\/sertv.gob.pa\/crisolfm\/wp-json\/wp\/v2\/media\/36249"}],"wp:attachment":[{"href":"https:\/\/sertv.gob.pa\/crisolfm\/wp-json\/wp\/v2\/media?parent=36248"}],"wp:term":[{"taxonomy":"category","embeddable":true,"href":"https:\/\/sertv.gob.pa\/crisolfm\/wp-json\/wp\/v2\/categories?post=36248"},{"taxonomy":"post_tag","embeddable":true,"href":"https:\/\/sertv.gob.pa\/crisolfm\/wp-json\/wp\/v2\/tags?post=36248"}],"curies":[{"name":"wp","href":"https:\/\/api.w.org\/{rel}","templated":true}]}}