{"id":36284,"date":"2020-12-30T18:00:21","date_gmt":"2020-12-30T18:00:21","guid":{"rendered":"https:\/\/sertv.gob.pa\/crisolfm\/?p=36284"},"modified":"2020-12-30T20:30:06","modified_gmt":"2020-12-30T20:30:06","slug":"david-guetta-dara-un-concierto-de-nochevieja-desde-la-piramide-del-louvre","status":"publish","type":"post","link":"https:\/\/sertv.gob.pa\/crisolfm\/david-guetta-dara-un-concierto-de-nochevieja-desde-la-piramide-del-louvre\/","title":{"rendered":"David Guetta dar\u00e1 un concierto de Nochevieja desde la Pir\u00e1mide del Louvre"},"content":{"rendered":"<p><strong><em>Par\u00eds, (EFE).- <\/em><\/strong><\/p>\n<p>El compositor y \u00abDJ\u00bb franc\u00e9s David Guetta ofrecer\u00e1 un concierto en redes sociales desde la Pir\u00e1mide acristalada del Louvre este 31 de diciembre, antes de la medianoche, en una tercera edici\u00f3n de su iniciativa \u00abUnited at home\u00bb que busca recaudar fondos y \u00abdar felicidad\u00bb, seg\u00fan dijo el m\u00fasico a EFE.<\/p>\n<p>\u00abSoy de Par\u00eds, es muy especial para m\u00ed hacer el concierto aqu\u00ed, en el museo m\u00e1s famoso del mundo. Fue un \u00e9xito grande en Am\u00e9rica, pero hacerlo en la ciudad donde nac\u00ed es muy especial\u00bb, se\u00f1al\u00f3 en una entrevista con EFE antes de grabar el concierto, acompa\u00f1ado de un espect\u00e1culo de luces ante la pir\u00e1mide de Ieoh Ming Pei.<\/p>\n<p>El espect\u00e1culo ser\u00e1 el tercero de \u00abUnited at home\u00bb (Unidos en casa), tras un primero en Miami y otro en Nueva York, con los que el m\u00fasico quiere recolectar fondos en las redes para organizaciones que luchan contra las consecuencias de la covid-19, en esta ocasi\u00f3n Unicef y Restos du Coeur, que alimenta a personas sin techo.<\/p>\n<p>Tambi\u00e9n ser\u00e1 posible hacer una donaci\u00f3n para el Louvre, que en los \u00faltimos a\u00f1os ha superado los diez millones de visitantes, pero este se ha visto obligado a cerrar seis meses por la pandemia.<\/p>\n<p>El primer concierto en Miami recaud\u00f3 m\u00e1s de 700.000 d\u00f3lares (unos 570.000 euros).<\/p>\n<p>\u00abNo es solo el tema de recolectar dinero para ayudar a la gente, es tambi\u00e9n hacerla feliz\u00bb, explic\u00f3 el autor de \u00e9xitos como \u00abWhen love takes over\u00bb, \u00abGettin&#8217; over you\u00bb y \u00abOne love\u00bb.<\/p>\n<p>Guetta, nacido en 1967, dijo que su objetivo es adem\u00e1s ayudar a sus fans en estos momentos dif\u00edciles en los que la poblaci\u00f3n \u00abm\u00e1s necesita la cultura y el entretenimiento para olvidar y pasarlo bien\u00bb.<\/p>\n<p>\u00abHa sido dif\u00edcil para m\u00ed tambi\u00e9n porque lo que hago es compartir con la gente, estar en el escenario y ver su reacci\u00f3n cuando pongo m\u00fasica nueva, pero me parece que era importante estar aqu\u00ed por mis fans en los momentos m\u00e1s dif\u00edciles\u00bb, asegur\u00f3.<\/p>\n<p>El DJ franc\u00e9s dijo, en declaraciones en espa\u00f1ol, que 2020 ha sido un a\u00f1o duro a nivel laboral puesto que no ha podido dar conciertos. Aunque \u00e9l \u00abafortunadamente\u00bb tiene dinero ahorrado, lament\u00f3 la penosa situaci\u00f3n en la que se encuentran muchos de sus compa\u00f1eros artistas y la falta de ayudas al sector cultural.<\/p>\n<p>POSITIVISMO Y FIESTA LOCA EN 2021<\/p>\n<p>Pese a todo, Guetta se define como un hombre positivo y apuesta a que \u00ab2021 va a ser el a\u00f1o de fiesta loca como nunca en nuestra vida\u00bb.<\/p>\n<p>\u00abTengo muchas ganas de ir de fiesta\u00bb, admiti\u00f3, y aunque \u00ablo virtual est\u00e1 bien por ahora, necesitamos a la gente\u00bb. \u00abNo hay nada que se pueda comparar con un &#8216;show&#8217; de verdad\u00bb.<\/p>\n<p>El concierto, que fue grabado este martes por la noche y ser\u00e1 transmitido en redes sociales a las 23:45 hora local (22:45 GMT), integrar\u00e1 im\u00e1genes del museo del Louvre y de algunas de las obras de arte que alberga para poner el contraste entre la modernidad de la pir\u00e1mide y la m\u00fasica y la historia del lugar.<\/p>\n<p>Una muestra de que \u00abla cultura no tiene edad\u00bb, seg\u00fan Guetta.<\/p>\n<p>El artista, que en su carrera ha vendido 9 millones de discos en el mundo y tiene m\u00e1s de 50 millones de seguidores en Facebook, explic\u00f3 adem\u00e1s que espera vacunarse pronto, pues es el \u00fanico remedio que ve al virus.<\/p>\n<p>\u00abEn mi pa\u00eds hay mucha gente que no lo quiere hacer, pero yo no veo otra soluci\u00f3n. \u00bfQu\u00e9 podemos hacer? \u00bfEsperar m\u00e1s y m\u00e1s? Vamos a estar todos enfermos. Yo he tomado mi decisi\u00f3n y lo voy a hacer\u00bb, dijo.<\/p>\n<p>&nbsp;<\/p>\n<p>Fuente: EFE<\/p>\n","protected":false},"excerpt":{"rendered":"<p>Par\u00eds, (EFE).- El compositor y \u00abDJ\u00bb franc\u00e9s David Guetta ofrecer\u00e1 <a href=\"https:\/\/sertv.gob.pa\/crisolfm\/david-guetta-dara-un-concierto-de-nochevieja-desde-la-piramide-del-louvre\/\"> [&#8230;]<\/a><\/p>\n","protected":false},"author":9,"featured_media":36285,"comment_status":"closed","ping_status":"closed","sticky":false,"template":"","format":"standard","meta":{"footnotes":""},"categories":[6],"tags":[],"class_list":["post-36284","post","type-post","status-publish","format-standard","has-post-thumbnail","hentry","category-culturales"],"_links":{"self":[{"href":"https:\/\/sertv.gob.pa\/crisolfm\/wp-json\/wp\/v2\/posts\/36284","targetHints":{"allow":["GET"]}}],"collection":[{"href":"https:\/\/sertv.gob.pa\/crisolfm\/wp-json\/wp\/v2\/posts"}],"about":[{"href":"https:\/\/sertv.gob.pa\/crisolfm\/wp-json\/wp\/v2\/types\/post"}],"author":[{"embeddable":true,"href":"https:\/\/sertv.gob.pa\/crisolfm\/wp-json\/wp\/v2\/users\/9"}],"replies":[{"embeddable":true,"href":"https:\/\/sertv.gob.pa\/crisolfm\/wp-json\/wp\/v2\/comments?post=36284"}],"version-history":[{"count":1,"href":"https:\/\/sertv.gob.pa\/crisolfm\/wp-json\/wp\/v2\/posts\/36284\/revisions"}],"predecessor-version":[{"id":36286,"href":"https:\/\/sertv.gob.pa\/crisolfm\/wp-json\/wp\/v2\/posts\/36284\/revisions\/36286"}],"wp:featuredmedia":[{"embeddable":true,"href":"https:\/\/sertv.gob.pa\/crisolfm\/wp-json\/wp\/v2\/media\/36285"}],"wp:attachment":[{"href":"https:\/\/sertv.gob.pa\/crisolfm\/wp-json\/wp\/v2\/media?parent=36284"}],"wp:term":[{"taxonomy":"category","embeddable":true,"href":"https:\/\/sertv.gob.pa\/crisolfm\/wp-json\/wp\/v2\/categories?post=36284"},{"taxonomy":"post_tag","embeddable":true,"href":"https:\/\/sertv.gob.pa\/crisolfm\/wp-json\/wp\/v2\/tags?post=36284"}],"curies":[{"name":"wp","href":"https:\/\/api.w.org\/{rel}","templated":true}]}}