{"id":36370,"date":"2021-01-05T11:05:56","date_gmt":"2021-01-05T11:05:56","guid":{"rendered":"https:\/\/sertv.gob.pa\/crisolfm\/?p=36370"},"modified":"2021-01-04T19:42:29","modified_gmt":"2021-01-04T19:42:29","slug":"representantes-de-micultura-de-panama-participaron-en-presentacion-del-lanzamiento-ano-iberoamericano-de-las-bibliotecas-2021","status":"publish","type":"post","link":"https:\/\/sertv.gob.pa\/crisolfm\/representantes-de-micultura-de-panama-participaron-en-presentacion-del-lanzamiento-ano-iberoamericano-de-las-bibliotecas-2021\/","title":{"rendered":"Representantes de MiCultura de Panam\u00e1, participaron en presentaci\u00f3n del \u201cLanzamiento A\u00f1o Iberoamericano de las Bibliotecas 2021\u201d"},"content":{"rendered":"<p>El Ministerio de Cultura de Panam\u00e1 (MiCultura), como entidad, forma parte de los 23 pa\u00edses que participaron\u00a0recientemente, del Lanzamiento virtual\u00a0de la presentaci\u00f3n del <strong><em>a\u00f1o Iberoamericano de las Bibliotecas 2021.<\/em><\/strong><\/p>\n<p>Este evento, es liderado por <strong><em>Iberbibliotecas<\/em><\/strong>,\u00a0 y es un compromiso adquirido por autoridades del pa\u00eds y que compromete a la Biblioteca Nacional y las Bibliotecas P\u00fablicas, adscritas al Ministerio de Educaci\u00f3n.<\/p>\n<p>Para esta actividad, participaron en la presentaci\u00f3n, representantes de las entidades que conforman el comit\u00e9 organizador, Ana Mar\u00eda da Costa Souza, Presidenta de IBERBIBLIOTECAS y Coodinadora General del Sistema Nacional de Bibliotecas P\u00fablicas de Brazil; Enrique Vargas, Coordinador del Espacio Cultural Iberoamericano de la Secretaria General Iberoamericana, SEGIB; Jeimy Hern\u00e1ndez, coordinadora del \u00c1rea de Lectura y Bibliotecas del Centro Regional para el Fomento del Libro en Am\u00e9rica Latina y el Caribe, CERLALC; Mar\u00eda Ang\u00e9lica Fuentes, Chair de la Federaci\u00f3n Internacional de Asociaciones de Bibliotecarios y Bibliotecas, Secci\u00f3n para Am\u00e9rica Latina y el Caribe, IFLALAC, y Presidenta del Colegio de Bibliotecarios de Chile y Diana Patricia Restrepo, Presidenta de la Asociaci\u00f3n de Estados Iberamericanos para el Desarrollo de las Bibliotecas Nacionales de Iberoam\u00e9rica, ABINIA, Directora de la Biblioteca de Colombia.<\/p>\n<p>&nbsp;<\/p>\n<p>Fuente: MiCultura<\/p>\n","protected":false},"excerpt":{"rendered":"<p>El Ministerio de Cultura de Panam\u00e1 (MiCultura), como entidad, forma <a href=\"https:\/\/sertv.gob.pa\/crisolfm\/representantes-de-micultura-de-panama-participaron-en-presentacion-del-lanzamiento-ano-iberoamericano-de-las-bibliotecas-2021\/\"> [&#8230;]<\/a><\/p>\n","protected":false},"author":9,"featured_media":36371,"comment_status":"closed","ping_status":"closed","sticky":false,"template":"","format":"standard","meta":{"footnotes":""},"categories":[6],"tags":[],"class_list":["post-36370","post","type-post","status-publish","format-standard","has-post-thumbnail","hentry","category-culturales"],"_links":{"self":[{"href":"https:\/\/sertv.gob.pa\/crisolfm\/wp-json\/wp\/v2\/posts\/36370","targetHints":{"allow":["GET"]}}],"collection":[{"href":"https:\/\/sertv.gob.pa\/crisolfm\/wp-json\/wp\/v2\/posts"}],"about":[{"href":"https:\/\/sertv.gob.pa\/crisolfm\/wp-json\/wp\/v2\/types\/post"}],"author":[{"embeddable":true,"href":"https:\/\/sertv.gob.pa\/crisolfm\/wp-json\/wp\/v2\/users\/9"}],"replies":[{"embeddable":true,"href":"https:\/\/sertv.gob.pa\/crisolfm\/wp-json\/wp\/v2\/comments?post=36370"}],"version-history":[{"count":1,"href":"https:\/\/sertv.gob.pa\/crisolfm\/wp-json\/wp\/v2\/posts\/36370\/revisions"}],"predecessor-version":[{"id":36372,"href":"https:\/\/sertv.gob.pa\/crisolfm\/wp-json\/wp\/v2\/posts\/36370\/revisions\/36372"}],"wp:featuredmedia":[{"embeddable":true,"href":"https:\/\/sertv.gob.pa\/crisolfm\/wp-json\/wp\/v2\/media\/36371"}],"wp:attachment":[{"href":"https:\/\/sertv.gob.pa\/crisolfm\/wp-json\/wp\/v2\/media?parent=36370"}],"wp:term":[{"taxonomy":"category","embeddable":true,"href":"https:\/\/sertv.gob.pa\/crisolfm\/wp-json\/wp\/v2\/categories?post=36370"},{"taxonomy":"post_tag","embeddable":true,"href":"https:\/\/sertv.gob.pa\/crisolfm\/wp-json\/wp\/v2\/tags?post=36370"}],"curies":[{"name":"wp","href":"https:\/\/api.w.org\/{rel}","templated":true}]}}